{"id":81925,"date":"2025-06-30T22:10:00","date_gmt":"2025-07-01T04:10:00","guid":{"rendered":"https:\/\/zonaroja.com.mx\/?p=81925"},"modified":"2025-06-30T21:41:40","modified_gmt":"2025-07-01T03:41:40","slug":"aprueban-reinstalar-inscripcion-en-letras-de-oro-de-leyendas-en-congreso","status":"publish","type":"post","link":"https:\/\/zonaroja.com.mx\/?p=81925","title":{"rendered":"Aprueban reinstalar inscripci\u00f3n en Letras de Oro de leyendas en Congreso"},"content":{"rendered":"\n<p>Redacci\u00f3n\/Zona Roja.<\/p>\n\n\n\n<p>Oaxaca, Oax., a 30 de junio de 2025.- En sesi\u00f3n virtual del tercer periodo extraordinario de sesiones de la 66 Legislatura, con 40 votos a favor, se aprob\u00f3 de urgencia notoria la iniciativa del presidente de la Junta de Coordinaci\u00f3n Pol\u00edtica (Jucopo), diputado Benjam\u00edn Viveros Montalvo, para reinstalar la inscripci\u00f3n en Letras de Oro de las leyendas que conforman el Muro de Honor del Sal\u00f3n de Sesiones del Congreso del Estado.<\/p>\n\n\n\n<p>Cabe destacar que \u00e9stas fueron retiradas de forma temporal durante el proceso de restauraci\u00f3n y conservaci\u00f3n del mismo, de acuerdo con lo dispuesto en el Decreto n\u00famero 658 aprobado el pasado 15 de abril del a\u00f1o en curso.<\/p>\n\n\n\n<p>Por lo que, a decir del promovente, con este acto la 66 Legislatura reafirma compromiso con la preservaci\u00f3n de la memoria hist\u00f3rica y la obligaci\u00f3n de mantener vivo el reconocimiento a quienes han contribuido de manera destacada al desarrollo de Oaxaca y de M\u00e9xico.<\/p>\n\n\n\n<p>Asimismo, se aval\u00f3 la inscripci\u00f3n de las leyendas en Letras de Oro en el Muro de Honor del \u201cLic. Benito Ju\u00e1rez Garc\u00eda\u201d y \u201cGral. Porfirio D\u00edaz Mori\u201d.&nbsp;<\/p>\n\n\n\n<p>De igual forma, se abrogan y derogan diversos decretos y acuerdos que ordenan la inscripci\u00f3n de nombres o frases en Letras Oro en el ya referido espacio que datan del a\u00f1o 1860 hasta el 2023.<\/p>\n\n\n\n<p>Durante su intervenci\u00f3n, el Presidente de la Jucopo destac\u00f3 que el Sal\u00f3n de Sesiones no solo representa el coraz\u00f3n del Poder Legislativo, sino tambi\u00e9n, es el lugar donde confluye la historia con la voluntad popular, donde el pasado dialoga con el presente y proyecta su eco hacia el futuro.<\/p>\n\n\n\n<p>Por ello, sostuvo, que la restituci\u00f3n del Muro de Honor, m\u00e1s que un acto protocolario, constituye un mensaje de continuidad institucional, respeto al legado hist\u00f3rico y compromiso pol\u00edtico con los valores que fortalecen la cohesi\u00f3n social.<\/p>\n\n\n\n<p>Con ello, el Congreso se posiciona como una nueva instituci\u00f3n consciente de su papel hist\u00f3rico, comprometido con la dignificaci\u00f3n de sus s\u00edmbolos y abierto a fortalecer la memoria colectiva como una herramienta indispensable para la transformaci\u00f3n social.<\/p>\n","protected":false},"excerpt":{"rendered":"<p>Redacci\u00f3n\/Zona Roja. Oaxaca, Oax., a 30 de junio de 2025.- En sesi\u00f3n virtual del tercer&hellip;<\/p>\n","protected":false},"author":2,"featured_media":81927,"comment_status":"closed","ping_status":"open","sticky":false,"template":"","format":"standard","meta":{"_lmt_disableupdate":"","_lmt_disable":"","_jetpack_memberships_contains_paid_content":false,"footnotes":""},"categories":[109,46],"tags":[303],"class_list":["post-81925","post","type-post","status-publish","format-standard","has-post-thumbnail","hentry","category-minuto-a-minuto","category-zona-blanca","tag-congreso-del-estado-de-oaxaca"],"jetpack_featured_media_url":"https:\/\/zonaroja.com.mx\/wp-content\/uploads\/2025\/06\/Benjamin-Viveros-sesion-extraordinaria.jpeg","jetpack_sharing_enabled":true,"_links":{"self":[{"href":"https:\/\/zonaroja.com.mx\/index.php?rest_route=\/wp\/v2\/posts\/81925","targetHints":{"allow":["GET"]}}],"collection":[{"href":"https:\/\/zonaroja.com.mx\/index.php?rest_route=\/wp\/v2\/posts"}],"about":[{"href":"https:\/\/zonaroja.com.mx\/index.php?rest_route=\/wp\/v2\/types\/post"}],"author":[{"embeddable":true,"href":"https:\/\/zonaroja.com.mx\/index.php?rest_route=\/wp\/v2\/users\/2"}],"replies":[{"embeddable":true,"href":"https:\/\/zonaroja.com.mx\/index.php?rest_route=%2Fwp%2Fv2%2Fcomments&post=81925"}],"version-history":[{"count":1,"href":"https:\/\/zonaroja.com.mx\/index.php?rest_route=\/wp\/v2\/posts\/81925\/revisions"}],"predecessor-version":[{"id":81928,"href":"https:\/\/zonaroja.com.mx\/index.php?rest_route=\/wp\/v2\/posts\/81925\/revisions\/81928"}],"wp:featuredmedia":[{"embeddable":true,"href":"https:\/\/zonaroja.com.mx\/index.php?rest_route=\/wp\/v2\/media\/81927"}],"wp:attachment":[{"href":"https:\/\/zonaroja.com.mx\/index.php?rest_route=%2Fwp%2Fv2%2Fmedia&parent=81925"}],"wp:term":[{"taxonomy":"category","embeddable":true,"href":"https:\/\/zonaroja.com.mx\/index.php?rest_route=%2Fwp%2Fv2%2Fcategories&post=81925"},{"taxonomy":"post_tag","embeddable":true,"href":"https:\/\/zonaroja.com.mx\/index.php?rest_route=%2Fwp%2Fv2%2Ftags&post=81925"}],"curies":[{"name":"wp","href":"https:\/\/api.w.org\/{rel}","templated":true}]}}