{"id":81929,"date":"2025-07-01T07:15:00","date_gmt":"2025-07-01T13:15:00","guid":{"rendered":"https:\/\/zonaroja.com.mx\/?p=81929"},"modified":"2025-07-01T06:42:36","modified_gmt":"2025-07-01T12:42:36","slug":"hallan-381-cadaveres-apilados-en-un-crematorio-de-ciudad-juarez","status":"publish","type":"post","link":"https:\/\/zonaroja.com.mx\/?p=81929","title":{"rendered":"Hallan 381 cad\u00e1veres apilados en un crematorio de Ciudad Ju\u00e1rez"},"content":{"rendered":"\n<p>Redacci\u00f3n\/Zona Roja Cdmx.<\/p>\n\n\n\n<p>Ciudad de M\u00e9xico, a 1 de julio de 2025.- La Fiscal\u00eda General del Estado (FGE) de Chihuahua confirm\u00f3 el hallazgo de 381 cad\u00e1veres en una finca ubicada en la colonia Granjas Polo Gamboa, en Ciudad Ju\u00e1rez.<\/p>\n\n\n\n<p>El descubrimiento se realiz\u00f3 el viernes pasado y fue informado por Eloy Garc\u00eda Tar\u00edn, vocero de la instituci\u00f3n.<\/p>\n\n\n\n<p>Seg\u00fan el titular de los Servicios Periciales, Javier S\u00e1nchez Herrera, todos los cuerpos fueron embalsamados antes de ser trasladados al lugar.<\/p>\n\n\n\n<p>\u201cCada uno de ellos son provenientes de distintas funerarias que brindaban servicio a este centro de cremaci\u00f3n\u201d, explic\u00f3.<\/p>\n\n\n\n<p>Los cad\u00e1veres se encontraban embolsados individualmente y con tratamientos de conservaci\u00f3n. No presentan signos visibles de violencia ni se presume hasta ahora que hayan sido v\u00edctimas de delitos. Sin embargo, algunos cuerpos ten\u00edan la ropa con la que fueron velados, lo que genera dudas sobre el cumplimiento de los procesos funerarios.<\/p>\n\n\n\n<p>\u201cEl lugar es un caos\u201d, declar\u00f3 Garc\u00eda Tar\u00edn. Aunque el sitio operaba con permisos sanitarios, las autoridades se\u00f1alaron que las condiciones apuntan a un manejo inadecuado, adem\u00e1s de que se report\u00f3 inicialmente que los cad\u00e1veres estaban apilados unos sobre otros, lo cual abri\u00f3 varias l\u00edneas de investigaci\u00f3n.<\/p>\n\n\n\n<p>De acuerdo con \u201cEl Diario de Ju\u00e1rez\u201d, el hallazgo ocurri\u00f3 gracias a una denuncia ciudadana, en la que una persona report\u00f3 olores f\u00e9tidos y la presencia de un cuerpo en una carroza dentro del patio de la finca.<\/p>\n\n\n\n<p>La Polic\u00eda Municipal atendi\u00f3 el reporte y dio aviso a la Fiscal\u00eda.<\/p>\n\n\n\n<p>Aunque no se trata de una fosa clandestina, s\u00ed podr\u00edan haberse cometido varios delitos. Entre ellos:<\/p>\n\n\n\n<p>Ocultamiento de cad\u00e1veres, que en M\u00e9xico es un delito penal.<\/p>\n\n\n\n<p>Fraude, si se demuestra que los cuerpos no fueron cremados pese a que se cobr\u00f3 por el servicio.<\/p>\n\n\n\n<p>Omisiones sanitarias, por parte del crematorio o de las funerarias que entregaban los cuerpos.<\/p>\n\n\n\n<p>\u201cSi alguien pag\u00f3 por cremar a su familiar y recibi\u00f3 unas cenizas que no corresponden, o si el cuerpo nunca fue incinerado, estamos ante un hecho penal\u201d, dijo Garc\u00eda Tar\u00edn.<\/p>\n\n\n\n<p>Una persona fue detenida por la Polic\u00eda Municipal y est\u00e1 colaborando con la investigaci\u00f3n. Hasta ahora, no hay denuncias formales por parte de familiares, pero la FGE ya solicit\u00f3 reportes de defunciones que pudieran estar vinculadas a este caso.<\/p>\n\n\n\n<p>La FGE inform\u00f3 que los cad\u00e1veres no ser\u00e1n ingresados al SIEC (Sistema de Identificaci\u00f3n de Cuerpos) porque no est\u00e1n relacionados con una investigaci\u00f3n criminal.<\/p>\n\n\n\n<p>Sin embargo, se abrir\u00e1 un expediente individual para cada uno de ellos, donde se buscar\u00e1 documentar.<\/p>\n\n\n\n<p>(Informaci\u00f3n de \u201cEl Imparcial\u201d de Chihuahua\u201d)<\/p>\n","protected":false},"excerpt":{"rendered":"<p>Redacci\u00f3n\/Zona Roja Cdmx. Ciudad de M\u00e9xico, a 1 de julio de 2025.- La Fiscal\u00eda General&hellip;<\/p>\n","protected":false},"author":2,"featured_media":81930,"comment_status":"closed","ping_status":"open","sticky":false,"template":"","format":"standard","meta":{"_lmt_disableupdate":"","_lmt_disable":"","_jetpack_memberships_contains_paid_content":false,"footnotes":""},"categories":[109,47],"tags":[],"class_list":["post-81929","post","type-post","status-publish","format-standard","has-post-thumbnail","hentry","category-minuto-a-minuto","category-zona-gris"],"jetpack_featured_media_url":"https:\/\/zonaroja.com.mx\/wp-content\/uploads\/2025\/07\/Cuerpos-cadaveres-apilados-crematorio-Ciudad-Juarez.jpg.avif","jetpack_sharing_enabled":true,"_links":{"self":[{"href":"https:\/\/zonaroja.com.mx\/index.php?rest_route=\/wp\/v2\/posts\/81929","targetHints":{"allow":["GET"]}}],"collection":[{"href":"https:\/\/zonaroja.com.mx\/index.php?rest_route=\/wp\/v2\/posts"}],"about":[{"href":"https:\/\/zonaroja.com.mx\/index.php?rest_route=\/wp\/v2\/types\/post"}],"author":[{"embeddable":true,"href":"https:\/\/zonaroja.com.mx\/index.php?rest_route=\/wp\/v2\/users\/2"}],"replies":[{"embeddable":true,"href":"https:\/\/zonaroja.com.mx\/index.php?rest_route=%2Fwp%2Fv2%2Fcomments&post=81929"}],"version-history":[{"count":1,"href":"https:\/\/zonaroja.com.mx\/index.php?rest_route=\/wp\/v2\/posts\/81929\/revisions"}],"predecessor-version":[{"id":81931,"href":"https:\/\/zonaroja.com.mx\/index.php?rest_route=\/wp\/v2\/posts\/81929\/revisions\/81931"}],"wp:featuredmedia":[{"embeddable":true,"href":"https:\/\/zonaroja.com.mx\/index.php?rest_route=\/wp\/v2\/media\/81930"}],"wp:attachment":[{"href":"https:\/\/zonaroja.com.mx\/index.php?rest_route=%2Fwp%2Fv2%2Fmedia&parent=81929"}],"wp:term":[{"taxonomy":"category","embeddable":true,"href":"https:\/\/zonaroja.com.mx\/index.php?rest_route=%2Fwp%2Fv2%2Fcategories&post=81929"},{"taxonomy":"post_tag","embeddable":true,"href":"https:\/\/zonaroja.com.mx\/index.php?rest_route=%2Fwp%2Fv2%2Ftags&post=81929"}],"curies":[{"name":"wp","href":"https:\/\/api.w.org\/{rel}","templated":true}]}}