{"id":81935,"date":"2025-07-01T08:46:00","date_gmt":"2025-07-01T14:46:00","guid":{"rendered":"https:\/\/zonaroja.com.mx\/?p=81935"},"modified":"2025-07-01T07:14:18","modified_gmt":"2025-07-01T13:14:18","slug":"identifican-a-los-tres-ahogados-en-rio-de-oaxaca-hallan-dos-cuerpos","status":"publish","type":"post","link":"https:\/\/zonaroja.com.mx\/?p=81935","title":{"rendered":"Identifican a los tres ahogados en r\u00edo de Oaxaca; hallan dos cuerpos"},"content":{"rendered":"\n<p>Ismael Garc\u00eda M.\/Zona Roja.<\/p>\n\n\n\n<p>Oaxaca, Oax., a 1 de julio de 2025.- Como Alejandro Rojas, de la comunidad de Cerro Quemado; Federico Hermenegildo Juan, de La Laguna, y Fernando Victoriano Antonio, de Cerro Progreso, fueron identificadas las tres personas que murieron ahogadas en un r\u00edo de Oaxaca.<\/p>\n\n\n\n<p>La tragedia ocurri\u00f3 la tarde-noche del pasado domingo en el pueblo de Cerro Progreso, del municipio de San Pedro Ixcatl\u00e1n, ubicado en la regi\u00f3n Cuenca del estado, y hasta ayer por la tarde hab\u00edan sido localizados y rescatados dos cuerpos.<\/p>\n\n\n\n<p>De acuerdo con reportes de las autoridades municipales, los tres individuos viajaban a bordo de una motocicleta, en probable estado de ebriedad, y pretendieron cruzar un r\u00edo crecido.<\/p>\n\n\n\n<p>Sin embargo, fueron arrastrados por la corriente del agua, tras lo cual pobladores de la zona iniciaron la b\u00fasqueda.<\/p>\n\n\n\n<p>Por su parte, la Vicefiscal\u00eda Regional de la Cuenca, dependiente de la Fiscal\u00eda General del Estado de Oaxaca, inici\u00f3 las indagatorias correspondientes con la finalidad de deslindar responsabilidades.<\/p>\n","protected":false},"excerpt":{"rendered":"<p>Ismael Garc\u00eda M.\/Zona Roja. Oaxaca, Oax., a 1 de julio de 2025.- Como Alejandro Rojas,&hellip;<\/p>\n","protected":false},"author":2,"featured_media":81936,"comment_status":"closed","ping_status":"open","sticky":false,"template":"","format":"standard","meta":{"_lmt_disableupdate":"","_lmt_disable":"","_jetpack_memberships_contains_paid_content":false,"footnotes":""},"categories":[109,47],"tags":[1043],"class_list":["post-81935","post","type-post","status-publish","format-standard","has-post-thumbnail","hentry","category-minuto-a-minuto","category-zona-gris","tag-san-pedro-ixcatlan"],"jetpack_featured_media_url":"https:\/\/zonaroja.com.mx\/wp-content\/uploads\/2025\/07\/Ahogados-San-Pedro-Ixcatlan.jpeg","jetpack_sharing_enabled":true,"_links":{"self":[{"href":"https:\/\/zonaroja.com.mx\/index.php?rest_route=\/wp\/v2\/posts\/81935","targetHints":{"allow":["GET"]}}],"collection":[{"href":"https:\/\/zonaroja.com.mx\/index.php?rest_route=\/wp\/v2\/posts"}],"about":[{"href":"https:\/\/zonaroja.com.mx\/index.php?rest_route=\/wp\/v2\/types\/post"}],"author":[{"embeddable":true,"href":"https:\/\/zonaroja.com.mx\/index.php?rest_route=\/wp\/v2\/users\/2"}],"replies":[{"embeddable":true,"href":"https:\/\/zonaroja.com.mx\/index.php?rest_route=%2Fwp%2Fv2%2Fcomments&post=81935"}],"version-history":[{"count":1,"href":"https:\/\/zonaroja.com.mx\/index.php?rest_route=\/wp\/v2\/posts\/81935\/revisions"}],"predecessor-version":[{"id":81937,"href":"https:\/\/zonaroja.com.mx\/index.php?rest_route=\/wp\/v2\/posts\/81935\/revisions\/81937"}],"wp:featuredmedia":[{"embeddable":true,"href":"https:\/\/zonaroja.com.mx\/index.php?rest_route=\/wp\/v2\/media\/81936"}],"wp:attachment":[{"href":"https:\/\/zonaroja.com.mx\/index.php?rest_route=%2Fwp%2Fv2%2Fmedia&parent=81935"}],"wp:term":[{"taxonomy":"category","embeddable":true,"href":"https:\/\/zonaroja.com.mx\/index.php?rest_route=%2Fwp%2Fv2%2Fcategories&post=81935"},{"taxonomy":"post_tag","embeddable":true,"href":"https:\/\/zonaroja.com.mx\/index.php?rest_route=%2Fwp%2Fv2%2Ftags&post=81935"}],"curies":[{"name":"wp","href":"https:\/\/api.w.org\/{rel}","templated":true}]}}