{"id":81938,"date":"2025-07-01T09:14:00","date_gmt":"2025-07-01T15:14:00","guid":{"rendered":"https:\/\/zonaroja.com.mx\/?p=81938"},"modified":"2025-07-01T07:35:34","modified_gmt":"2025-07-01T13:35:34","slug":"inician-gobierno-de-oaxaca-y-la-sedatu-construccion-de-viviendas","status":"publish","type":"post","link":"https:\/\/zonaroja.com.mx\/?p=81938","title":{"rendered":"Inician gobierno de Oaxaca y la Sedatu construcci\u00f3n de viviendas"},"content":{"rendered":"\n<p>Redacci\u00f3n\/Zona Roja.<\/p>\n\n\n\n<p>Oaxaca, Oax., a 1 de julio de 2025.- El gobernador Salom\u00f3n Jara Cruz y la secretaria de Desarrollo Agrario, Territorial y Urbano, Edna Elena Vega Rangel, encabezaron ayer el arranque de obras del Programa Vivienda para el Bienestar en el estado de Oaxaca, mediante el cual se construir\u00e1n 71 mil 200 casas con una inversi\u00f3n superior a los 41 mil millones de pesos.<\/p>\n\n\n\n<p>Al colocar la primera piedra en el municipio de San Jacinto Amilpas, el mandatario estatal se\u00f1al\u00f3 que esta nueva era de prosperidad para la entidad es posible gracias a la visi\u00f3n de la Presidenta Claudia Sheinbaum Pardo y el compromiso de diversas instancias federales.<\/p>\n\n\n\n<p>\u201cLa vivienda adecuada y accesible, es un derecho que debemos garantizar a cada oaxaque\u00f1a y oaxaque\u00f1o, por ello la llegada de este programa a la entidad es un paso firme en esa direcci\u00f3n\u201d, asever\u00f3.<\/p>\n\n\n\n<p>Jara Cruz resalt\u00f3 que la construcci\u00f3n de estas casas generar\u00e1 empleos, impulsar\u00e1 la econom\u00eda local y regional, incrementar\u00e1 la demanda de bienes y servicios, y mejorar\u00e1 la calidad de vida de muchas personas.&nbsp;<\/p>\n\n\n\n<p>Adem\u00e1s, el ordenamiento territorial asegurar\u00e1 que el crecimiento sea sustentable, evitando problemas como la falta de servicios p\u00fablicos y la expansi\u00f3n urbana descontrolada.<\/p>\n\n\n\n<p>Para alcanzar esta meta, el gobierno estatal ha identificado 44 predios con 323 hect\u00e1reas (ha) en 283 municipios. En San Jacinto Amilpas se ubica 1.37 ha.<\/p>\n\n\n\n<p>En su oportunidad, Vega Rangel destac\u00f3 que Oaxaca es el segundo estado del pa\u00eds con m\u00e1s acciones de este programa in\u00e9dito, que ve a la vivienda como un derecho y no como una mercanc\u00eda.&nbsp;<\/p>\n\n\n\n<p>Explic\u00f3 que para quienes sean derechohabientes acceder\u00e1n a trav\u00e9s del Instituto del Fondo Nacional de la Vivienda para los Trabajadores (Infonavit) y el Fondo de la Vivienda del Instituto de Seguridad y Servicios Sociales de los Trabajadores del Estado (Fovissste). En tanto, para quienes no lo sean, ser\u00e1 mediante la Comisi\u00f3n Nacional de Vivienda (Conavi).<\/p>\n\n\n\n<p>El director general de la Conavi, Rodrigo Ch\u00e1vez Contreras inform\u00f3 que en el predio de San Jacinto Amilpas denominado Escuela Secundaria General Andr\u00e9s Henestrosa, se construir\u00e1n 50 viviendas unifamiliares de 60 metros cuadrados con tres recamaras y un prototipo de 40 metros cuadrados para las juventudes que estudian y trabajan.<\/p>\n\n\n\n<figure class=\"wp-block-embed is-type-rich is-provider-twitter wp-block-embed-twitter\"><div class=\"wp-block-embed__wrapper\">\n<div class=\"twitter-tweet\"><blockquote class=\"twitter-tweet\" data-lang=\"es\"><p lang=\"es\" dir=\"ltr\">DEVELAMOS EL BILLETE CONMEMORATIVO DE LA LOTER\u00cdA NACIONAL EN HONOR A LA GUELAGUETZA, M\u00c1XIMA FIESTA DE INTERCULTURALIDAD<br><br>Con gran orgullo y entusiasmo, realizamos la develaci\u00f3n del Billete Conmemorativo del Sorteo Especial No. 301 en Honor a la celebraci\u00f3n de la <a href=\"https:\/\/twitter.com\/hashtag\/Guelaguetza2025?src=hash&amp;ref_src=twsrc%5Etfw\">#Guelaguetza2025<\/a>\u2026 <a href=\"https:\/\/t.co\/uyp6f13EYD\">pic.twitter.com\/uyp6f13EYD<\/a><\/p>&mdash; Salom\u00f3n Jara Cruz (@salomonj) <a href=\"https:\/\/twitter.com\/salomonj\/status\/1939721156975579544?ref_src=twsrc%5Etfw\">30 de junio de 2025<\/a><\/blockquote><\/div>\n<\/div><\/figure>\n\n\n\n<p>HABR\u00c1 LOTER\u00cdA<\/p>\n\n\n\n<p>Por la ma\u00f1ana, el titular del Poder Ejecutivo, en compa\u00f1\u00eda de la directora general de la Loter\u00eda Nacional, Olivia Salom\u00f3n Vivaldo, realizaron la develaci\u00f3n del billete conmemorativo del Sorteo Especial n\u00famero 301, en honor a la celebraci\u00f3n de la Guelaguetza 2025.<\/p>\n\n\n\n<p>Durante la conferencia de prensa desde Palacio de Gobierno, el mandatario estatal expres\u00f3 que la emisi\u00f3n de este billete es un reconocimiento a Oaxaca como Coraz\u00f3n Cultural y Ling\u00fc\u00edstico de M\u00e9xico, cuyo sorteo se efectuar\u00e1 el martes 22 de julio a las 20:00 horas en la Rotonda de las Azucenas.<\/p>\n\n\n\n<p>Jara Cruz expres\u00f3 su agradecimiento a la Presidenta Claudia Sheinbaum Pardo quien, a trav\u00e9s de la Loter\u00eda Nacional, contribuye en el trabajo que lleva a cabo Oaxaca para consolidar la interculturalidad y la difusi\u00f3n de su riqueza y patrimonio ancestral.&nbsp;<\/p>\n\n\n\n<p>Para esta edici\u00f3n que tiene un Premio Mayor de 27 millones de pesos en dos series y una bolsa repartible de 80 millones de pesos; se dispone de 2 millones 400 mil cachitos; los cuales, cada uno, reconoce a los pueblos originarios en un acto de justicia hist\u00f3rica.<\/p>\n\n\n\n<p>TARJETA JOVEN<\/p>\n\n\n\n<p>En otro acto, con la entrega de mil 300 pl\u00e1sticos de la Tarjeta Joven a juventudes de los Valles Centrales de Oaxaca, el gobernador Salom\u00f3n Jara Cruz arranc\u00f3, por segundo a\u00f1o consecutivo, esta estrategia encaminada a impulsar el desarrollo integral de personas de 18 a 20 a\u00f1os.<\/p>\n\n\n\n<p>Desde el parque \u201cPrimavera Cho Ndob\u00e1\u201d, el mandatario hizo entrega simb\u00f3lica de cinco tarjetas de este programa \u00fanico en el pa\u00eds, que propicia en las juventudes el acceso al cine, deportes, talleres culturales y art\u00edsticos, as\u00ed como actividades recreativas.<\/p>\n\n\n\n<p>Con una inversi\u00f3n hist\u00f3rica de 100 millones de pesos, esta iniciativa est\u00e1 enfocada en beneficiar a 13 mil 194 juventudes de la entidad, otorg\u00e1ndoles un apoyo de 7 mil 200 pesos anuales.<\/p>\n\n\n\n<p>ENCIENDEN SANTO DOMINGO<\/p>\n\n\n\n<p>Y ayer por la noche, el mandatario y la compa\u00f1\u00eda energ\u00e9tica Iberdrola M\u00e9xico encendieron la nueva iluminaci\u00f3n del emblem\u00e1tico templo de Santo Domingo de Guzm\u00e1n, que forma parte del programa M\u00e9xico Brilla, un proyecto que conjuga tecnolog\u00eda de vanguardia con un profundo respeto por el patrimonio hist\u00f3rico.<\/p>\n\n\n\n<p>&nbsp;\u201cHoy Oaxaca se pone a la vanguardia nacional en la iluminaci\u00f3n de estos espacios patrimoniales, demostrando que la luz bien entendida y bien aplicada, es mucho m\u00e1s que una herramienta t\u00e9cnica, es un homenaje a nuestra historia viva y un puente entre el pasado y el futuro\u201d, afirm\u00f3 Jara Cruz.<\/p>\n\n\n\n<p>Santo Domingo de Guzm\u00e1n es el segundo inmueble de 10 contemplados en el programa M\u00e9xico Brilla, despu\u00e9s de la Catedral Metropolitana.&nbsp;<\/p>\n\n\n\n<p>En el segundo semestre del a\u00f1o se iluminar\u00e1n la Bas\u00edlica de la Virgen de la Soledad y el Templo de San Mat\u00edas Jalatlaco, mientras que en los siguientes tres a\u00f1os se contempla la intervenci\u00f3n de los templos de San Felipe Neri, de la Preciosa Sangre de Cristo, de la Compa\u00f1\u00eda de Jes\u00fas y de San Agust\u00edn, as\u00ed como el Teatro Macedonio Alcal\u00e1 y el Palacio de Gobierno de Oaxaca.<\/p>\n\n\n\n<figure class=\"wp-block-embed is-type-rich is-provider-twitter wp-block-embed-twitter\"><div class=\"wp-block-embed__wrapper\">\n<div class=\"twitter-tweet\"><blockquote class=\"twitter-tweet\" data-lang=\"es\"><p lang=\"zxx\" dir=\"ltr\"><a href=\"https:\/\/t.co\/u8N0tUJGGO\">pic.twitter.com\/u8N0tUJGGO<\/a><\/p>&mdash; Salom\u00f3n Jara Cruz (@salomonj) <a href=\"https:\/\/twitter.com\/salomonj\/status\/1939895187473326445?ref_src=twsrc%5Etfw\">1 de julio de 2025<\/a><\/blockquote><\/div>\n<\/div><\/figure>\n","protected":false},"excerpt":{"rendered":"<p>Redacci\u00f3n\/Zona Roja. Oaxaca, Oax., a 1 de julio de 2025.- El gobernador Salom\u00f3n Jara Cruz&hellip;<\/p>\n","protected":false},"author":2,"featured_media":81939,"comment_status":"closed","ping_status":"open","sticky":false,"template":"","format":"standard","meta":{"_lmt_disableupdate":"","_lmt_disable":"","_jetpack_memberships_contains_paid_content":false,"footnotes":""},"categories":[109,46],"tags":[939],"class_list":["post-81938","post","type-post","status-publish","format-standard","has-post-thumbnail","hentry","category-minuto-a-minuto","category-zona-blanca","tag-salomon-jara-cruz"],"jetpack_featured_media_url":"https:\/\/zonaroja.com.mx\/wp-content\/uploads\/2025\/07\/Arrancan-Gobierno-de-Oaxaca-y-Sedatu-Programa-Vivienda-para-el-Bienestar-construiran-mas-de-71-mil-casas-2.jpeg","jetpack_sharing_enabled":true,"_links":{"self":[{"href":"https:\/\/zonaroja.com.mx\/index.php?rest_route=\/wp\/v2\/posts\/81938","targetHints":{"allow":["GET"]}}],"collection":[{"href":"https:\/\/zonaroja.com.mx\/index.php?rest_route=\/wp\/v2\/posts"}],"about":[{"href":"https:\/\/zonaroja.com.mx\/index.php?rest_route=\/wp\/v2\/types\/post"}],"author":[{"embeddable":true,"href":"https:\/\/zonaroja.com.mx\/index.php?rest_route=\/wp\/v2\/users\/2"}],"replies":[{"embeddable":true,"href":"https:\/\/zonaroja.com.mx\/index.php?rest_route=%2Fwp%2Fv2%2Fcomments&post=81938"}],"version-history":[{"count":1,"href":"https:\/\/zonaroja.com.mx\/index.php?rest_route=\/wp\/v2\/posts\/81938\/revisions"}],"predecessor-version":[{"id":81940,"href":"https:\/\/zonaroja.com.mx\/index.php?rest_route=\/wp\/v2\/posts\/81938\/revisions\/81940"}],"wp:featuredmedia":[{"embeddable":true,"href":"https:\/\/zonaroja.com.mx\/index.php?rest_route=\/wp\/v2\/media\/81939"}],"wp:attachment":[{"href":"https:\/\/zonaroja.com.mx\/index.php?rest_route=%2Fwp%2Fv2%2Fmedia&parent=81938"}],"wp:term":[{"taxonomy":"category","embeddable":true,"href":"https:\/\/zonaroja.com.mx\/index.php?rest_route=%2Fwp%2Fv2%2Fcategories&post=81938"},{"taxonomy":"post_tag","embeddable":true,"href":"https:\/\/zonaroja.com.mx\/index.php?rest_route=%2Fwp%2Fv2%2Ftags&post=81938"}],"curies":[{"name":"wp","href":"https:\/\/api.w.org\/{rel}","templated":true}]}}