{"id":81951,"date":"2025-07-01T13:34:00","date_gmt":"2025-07-01T19:34:00","guid":{"rendered":"https:\/\/zonaroja.com.mx\/?p=81951"},"modified":"2025-07-01T08:35:07","modified_gmt":"2025-07-01T14:35:07","slug":"opinion-la-provocacion-de-cepeda-y-la-jugada-de-rocio","status":"publish","type":"post","link":"https:\/\/zonaroja.com.mx\/?p=81951","title":{"rendered":"Opini\u00f3n. La provocaci\u00f3n de Cepeda\u2026 y la jugada de Roc\u00edo"},"content":{"rendered":"\n<p>Isidoro Yescas*<\/p>\n\n\n\n<p>1.Ya con las vacaciones de verano en&nbsp;puerta, los&nbsp;actores pol\u00edticos del sector educativo oaxaque\u00f1o entrar\u00e1n en fase de receso&nbsp;t\u00e9cnico&nbsp;para, luego del obligado balance de logros, derrotas y pendientes, definir su agenda &nbsp;en el corto y mediano plazo.&nbsp;<\/p>\n\n\n\n<p>As\u00ed, y&nbsp;en plena etapa&nbsp;de balance de su reciente lucha por la abrogaci\u00f3n de la ley del ISSSTE 2007,&nbsp;la Secci\u00f3n 22 del SNTE&nbsp;ya se ha manifestado p\u00fablicamente en contra de&nbsp;la pretensi\u00f3n del CEN del SNTE y su secretario General, Alfonso Cepeda Salas, para endosarles el pago&nbsp;de 35 millones de pesos, monto que, de acuerdo a sus estimaciones, corresponde a los da\u00f1os materiales ocasionados al edificio sindical&nbsp;ubicado en la ciudad de M\u00e9xico y&nbsp;vandalizado por trabajadores&nbsp;centistas&nbsp;del estado de Guerrero.<\/p>\n\n\n\n<p>El m\u00e9todo de pago ya est\u00e1 definido:&nbsp;aplicar&nbsp;descuentos&nbsp;a las ministraciones que el CEN del SNTE deposita&nbsp;peri\u00f3dicamente&nbsp;a la cuenta bancaria del Comit\u00e9 Ejecutivo Seccional de la secci\u00f3n 22 del SNTE &nbsp;y dem\u00e1s secciones agrupadas en la CNTE,&nbsp;hasta cubrir la cantidad de 35 millones de pesos.<\/p>\n\n\n\n<p>En su respuesta, ya la dirigencia sindical del gremio oaxaque\u00f1o ha anticipado su rechazo a esta pretensi\u00f3n que no solamente representa una provocaci\u00f3n&nbsp;a toda&nbsp;la &nbsp;CNTE&nbsp;sino una oportunidad para&nbsp;que el magisterio disidente&nbsp;inicie&nbsp;una lucha a fondo a nivel nacional para democratizar el SNTE, ayer al servicio del PRI, hoy integrado&nbsp;corporativamente a Morena.&nbsp;<\/p>\n\n\n\n<p>Una de los \u00faltimos vestigios del charrismo sindical heredado del viejo r\u00e9gimen es precisamente el SNTE. Y una bandera que el propio Cepeda le est\u00e1&nbsp;regalando &nbsp;a&nbsp;la CNTE es&nbsp;su intenci\u00f3n de &nbsp;cobrar una factura que, si insiste, tendr\u00e1 efecto de bumerang \u2026.. si antes no lo paran desde Palacio Nacional. &nbsp;<\/p>\n\n\n\n<p>2.&nbsp;Los vientos desestabilizadores que ya empezaban a soplar en la UABJO promovidos desde la misma rector\u00eda tambi\u00e9n cesaron por ahora, una vez que&nbsp;fueron devueltas las instalaciones de la facultad de&nbsp;Derecho, tomadas por docentes afines a la dirigencia del STAUO y el SUMA.<\/p>\n\n\n\n<p>Triunfalista, porque no solamente se mantuvo en el cargo sino que&nbsp;evidenci\u00f3 &nbsp;la&nbsp;debilidad pol\u00edtica del rector Cristian Carre\u00f1o y la cofrad\u00eda de dirigentes &nbsp;y caciques sindicales que lo rodean, la directora Roc\u00edo Mart\u00ednez&nbsp;Helmesahora&nbsp;difunde por todos los medios de informaci\u00f3n a su alcance una fotograf\u00eda en donde posa con el ministro electo y presidente del nuevo poder judicial, Hugo Aguilar&nbsp;Ortiz.<\/p>\n\n\n\n<p>Una entrevista en radio&nbsp;Radio&nbsp;Universidad, en el programa \u201cPulso Jur\u00eddico Universitario\u201d que conduce el catedr\u00e1tico de la Facultad de&nbsp;Derecho, &nbsp;Eduardo&nbsp;Castillo Cruz, fue bien aprovechada por Mart\u00ednez&nbsp;Helmes&nbsp;para convertir esta invitaci\u00f3n de un&nbsp;distinguido&nbsp;exalumno de este plantel,&nbsp;y que ahora presidir\u00e1 la Suprema Corte de Justicia de la Naci\u00f3n, en un evento&nbsp;pol\u00edtico del que seguramente el ministro oaxaque\u00f1o&nbsp;fue&nbsp;ajeno.<\/p>\n\n\n\n<p>En el contexto de la pr\u00f3xima elecci\u00f3n de director o directora en la Facultad de Derecho ,y del propio relevo rectoral que tendr\u00e1 lugar en mayo del pr\u00f3ximo a\u00f1o, el ruido medi\u00e1tico-pol\u00edtico que la esposa del aspirante a la rector\u00eda Carlos P\u00e9rez Campos Mayoral promueve con la&nbsp;citada&nbsp;entrevista radiof\u00f3nicano parece responder &nbsp;a un genuino inter\u00e9s por el desarrollo acad\u00e9mico, o para enaltecer los valores democr\u00e1ticos, si tomamos en cuenta&nbsp;la coyuntura electoral universitaria y al hecho mismo que un problema no resuelto en la citada facultad (y en otros planteles de la UABJO) es la total supeditaci\u00f3n del quehacer pol\u00edtico sobre la docencia y la investigaci\u00f3n.<\/p>\n\n\n\n<p>Y en esa ruta no extra\u00f1ar\u00eda que la contraparte del matrimonio Mart\u00ednez-P\u00e9rez Campos&nbsp;(me refiero a la alianza Carre\u00f1o-Mart\u00ednez&nbsp;Alavez) tambi\u00e9n recurra a visitas y encuentros de naturaleza similar en el campus universitario &nbsp;para&nbsp;jugar en el mismo terreno y&nbsp;promover a otros(as) aspirantes a la rector\u00eda, suceso en donde tambi\u00e9n otro actor inc\u00f3modo como lo es el poder ejecutivo estatal ya&nbsp;mueve&nbsp;cartas&nbsp;alternas&nbsp;para intentar &nbsp;imponer un tercero en discordia.&nbsp;<\/p>\n\n\n\n<p>X: @YescasIsidoro &nbsp;&nbsp;<\/p>\n","protected":false},"excerpt":{"rendered":"<p>Isidoro Yescas* 1.Ya con las vacaciones de verano en&nbsp;puerta, los&nbsp;actores pol\u00edticos del sector educativo oaxaque\u00f1o&hellip;<\/p>\n","protected":false},"author":2,"featured_media":71623,"comment_status":"closed","ping_status":"open","sticky":false,"template":"","format":"standard","meta":{"_lmt_disableupdate":"","_lmt_disable":"","_jetpack_memberships_contains_paid_content":false,"footnotes":""},"categories":[456,109],"tags":[3998],"class_list":["post-81951","post","type-post","status-publish","format-standard","has-post-thumbnail","hentry","category-columna","category-minuto-a-minuto","tag-isidoro-yescas-martinez"],"jetpack_featured_media_url":"https:\/\/zonaroja.com.mx\/wp-content\/uploads\/2024\/08\/Opinion.-Isidoro-Yescas.jpg","jetpack_sharing_enabled":true,"_links":{"self":[{"href":"https:\/\/zonaroja.com.mx\/index.php?rest_route=\/wp\/v2\/posts\/81951","targetHints":{"allow":["GET"]}}],"collection":[{"href":"https:\/\/zonaroja.com.mx\/index.php?rest_route=\/wp\/v2\/posts"}],"about":[{"href":"https:\/\/zonaroja.com.mx\/index.php?rest_route=\/wp\/v2\/types\/post"}],"author":[{"embeddable":true,"href":"https:\/\/zonaroja.com.mx\/index.php?rest_route=\/wp\/v2\/users\/2"}],"replies":[{"embeddable":true,"href":"https:\/\/zonaroja.com.mx\/index.php?rest_route=%2Fwp%2Fv2%2Fcomments&post=81951"}],"version-history":[{"count":1,"href":"https:\/\/zonaroja.com.mx\/index.php?rest_route=\/wp\/v2\/posts\/81951\/revisions"}],"predecessor-version":[{"id":81952,"href":"https:\/\/zonaroja.com.mx\/index.php?rest_route=\/wp\/v2\/posts\/81951\/revisions\/81952"}],"wp:featuredmedia":[{"embeddable":true,"href":"https:\/\/zonaroja.com.mx\/index.php?rest_route=\/wp\/v2\/media\/71623"}],"wp:attachment":[{"href":"https:\/\/zonaroja.com.mx\/index.php?rest_route=%2Fwp%2Fv2%2Fmedia&parent=81951"}],"wp:term":[{"taxonomy":"category","embeddable":true,"href":"https:\/\/zonaroja.com.mx\/index.php?rest_route=%2Fwp%2Fv2%2Fcategories&post=81951"},{"taxonomy":"post_tag","embeddable":true,"href":"https:\/\/zonaroja.com.mx\/index.php?rest_route=%2Fwp%2Fv2%2Ftags&post=81951"}],"curies":[{"name":"wp","href":"https:\/\/api.w.org\/{rel}","templated":true}]}}