{"id":81956,"date":"2025-07-01T18:19:04","date_gmt":"2025-07-02T00:19:04","guid":{"rendered":"https:\/\/zonaroja.com.mx\/?p=81956"},"modified":"2025-07-01T18:19:07","modified_gmt":"2025-07-02T00:19:07","slug":"oaxaca-en-la-mira-de-la-onu-por-desapariciones-y-violaciones-a-derechos","status":"publish","type":"post","link":"https:\/\/zonaroja.com.mx\/?p=81956","title":{"rendered":"Oaxaca, en la mira de la ONU por desapariciones y violaciones a derechos"},"content":{"rendered":"\n<p>Lisbeth Mej\u00eda Reyes\/Zona Roja.<\/p>\n\n\n\n<p>Oaxaca, Oax., a 1 de julio de 2025.- El Centro de Derechos Humanos y Asesor\u00eda a Pueblos Ind\u00edgenas (Cedhapi), asociaci\u00f3n civil, alert\u00f3 sobre el grave clima de desapariciones y de violaciones a derechos humanos en el estado de Oaxaca, as\u00ed como las omisiones de las autoridades estatales ante estos casos, lo que ha llevado a la entidad a estar en el escrutinio de la Organizaci\u00f3n de las Naciones Unidas (ONU).<\/p>\n\n\n\n<p>Maurilio Santiago Reyes explic\u00f3 que de los cuatro casos de desapariciones que de M\u00e9xico han llegado a la ONU dos corresponden al estado de Oaxaca: uno de estos el del joven Alexis Mar\u00edn, desaparecido en 2017 en la Heroica Ciudad de Tlaxiaco y cuya denuncia se hizo en el 2021 por parte de la familia y Cedaphi ante el Comit\u00e9 contra la Desaparici\u00f3n Forzada de la ONU.&nbsp;<\/p>\n\n\n\n<p>El segundo caso es sobre tortura, aunque todav\u00eda no se da a conocer la resoluci\u00f3n del Comit\u00e9 de Derechos Humanos, tambi\u00e9n de la ONU.<\/p>\n\n\n\n<p>Por el caso de Alexis, el gobierno de Oaxaca tuvo que comparecer en este a\u00f1o ante la ONU en Ginebra, Suiza. De acuerdo con Cedhapi, ah\u00ed la coordinadora para la Atenci\u00f3n de los Derechos Humanos del gobierno estatal, Flor Estela Morales, trat\u00f3 \u00abde responsabilizar a las comunidades ind\u00edgenas diciendo que por usos y costumbres no les permiten entrar a hacer la b\u00fasqueda, pero le result\u00f3 contraproducente ese alegato\u00bb.<\/p>\n\n\n\n<p>En mayo, el Comit\u00e9 contra la Desaparici\u00f3n Forzada de la ONU emiti\u00f3 el dictamen contra el Estado Mexicano por la desaparici\u00f3n Forzada de Alexis Mar\u00edn Ram\u00edrez.&nbsp;<\/p>\n\n\n\n<p>En el documento dirigido al estado de Oaxaca, respecto de la comunicaci\u00f3n n\u00famero 05\/2021, se llam\u00f3 al Estado mexicano para que efect\u00fae una investigaci\u00f3n pronta, efectiva, exhaustiva, imparcial, independiente y transparente sobre las circunstancias de la desaparici\u00f3n de Alexis Mar\u00edn Ram\u00edrez, con miras de establecer la verdad sobre su desaparici\u00f3n forzada.<\/p>\n\n\n\n<p>Adem\u00e1s de \u00abprocesar, juzgar y sancionar a los autores y responsables de la desaparici\u00f3n forzada de Alexis Mar\u00edn Ram\u00edrez\u00bb.&nbsp;<\/p>\n\n\n\n<p>Tambi\u00e9n para que adopte \u00abtodas las medidas apropiadas para buscar, localizar y liberar a Alexis Mar\u00edn Ram\u00edrez y, en caso de fallecimiento, localizar, respetar y restituir sus restos, considerando y respetando los patrones culturales espec\u00edficas de los autores como miembros de comunidades ind\u00edgenas de conformidad con el principio 4 de los principios rectores de la b\u00fasqueda de personas desaparecidas\u00bb.<\/p>\n\n\n\n<p>Estos y otros resolutivos, como el informar de los avances en un plazo de seis meses, son parte de la resoluci\u00f3n.<\/p>\n\n\n\n<p>Sobre el total de casos de M\u00e9xico que est\u00e1n en la ONU, el titular de Cedhapi explic\u00f3 que dos se encuentran en el Comit\u00e9 Contra la Desaparici\u00f3n Forzada y los otros dos ante el de Derechos Humanos.<\/p>\n","protected":false},"excerpt":{"rendered":"<p>Lisbeth Mej\u00eda Reyes\/Zona Roja. Oaxaca, Oax., a 1 de julio de 2025.- El Centro de&hellip;<\/p>\n","protected":false},"author":2,"featured_media":68278,"comment_status":"closed","ping_status":"open","sticky":false,"template":"","format":"standard","meta":{"_lmt_disableupdate":"","_lmt_disable":"","_jetpack_memberships_contains_paid_content":false,"footnotes":""},"categories":[109,46],"tags":[818],"class_list":["post-81956","post","type-post","status-publish","format-standard","has-post-thumbnail","hentry","category-minuto-a-minuto","category-zona-blanca","tag-centro-de-derechos-humanos-y-asesoria-a-pueblos-indigenas-cedhapi"],"jetpack_featured_media_url":"https:\/\/zonaroja.com.mx\/wp-content\/uploads\/2024\/05\/Madres-buscadoras-desaparecidos.jpg","jetpack_sharing_enabled":true,"_links":{"self":[{"href":"https:\/\/zonaroja.com.mx\/index.php?rest_route=\/wp\/v2\/posts\/81956","targetHints":{"allow":["GET"]}}],"collection":[{"href":"https:\/\/zonaroja.com.mx\/index.php?rest_route=\/wp\/v2\/posts"}],"about":[{"href":"https:\/\/zonaroja.com.mx\/index.php?rest_route=\/wp\/v2\/types\/post"}],"author":[{"embeddable":true,"href":"https:\/\/zonaroja.com.mx\/index.php?rest_route=\/wp\/v2\/users\/2"}],"replies":[{"embeddable":true,"href":"https:\/\/zonaroja.com.mx\/index.php?rest_route=%2Fwp%2Fv2%2Fcomments&post=81956"}],"version-history":[{"count":1,"href":"https:\/\/zonaroja.com.mx\/index.php?rest_route=\/wp\/v2\/posts\/81956\/revisions"}],"predecessor-version":[{"id":81957,"href":"https:\/\/zonaroja.com.mx\/index.php?rest_route=\/wp\/v2\/posts\/81956\/revisions\/81957"}],"wp:featuredmedia":[{"embeddable":true,"href":"https:\/\/zonaroja.com.mx\/index.php?rest_route=\/wp\/v2\/media\/68278"}],"wp:attachment":[{"href":"https:\/\/zonaroja.com.mx\/index.php?rest_route=%2Fwp%2Fv2%2Fmedia&parent=81956"}],"wp:term":[{"taxonomy":"category","embeddable":true,"href":"https:\/\/zonaroja.com.mx\/index.php?rest_route=%2Fwp%2Fv2%2Fcategories&post=81956"},{"taxonomy":"post_tag","embeddable":true,"href":"https:\/\/zonaroja.com.mx\/index.php?rest_route=%2Fwp%2Fv2%2Ftags&post=81956"}],"curies":[{"name":"wp","href":"https:\/\/api.w.org\/{rel}","templated":true}]}}