{"id":81961,"date":"2025-07-01T21:46:10","date_gmt":"2025-07-02T03:46:10","guid":{"rendered":"https:\/\/zonaroja.com.mx\/?p=81961"},"modified":"2025-07-01T21:46:12","modified_gmt":"2025-07-02T03:46:12","slug":"impulsan-en-xoxocotlan-economia-local-con-apoyo-a-emprendedores","status":"publish","type":"post","link":"https:\/\/zonaroja.com.mx\/?p=81961","title":{"rendered":"Impulsan en Xoxocotl\u00e1n econom\u00eda local con apoyo a emprendedores\u00a0"},"content":{"rendered":"\n<p>Redacci\u00f3n\/Zona Roja.<\/p>\n\n\n\n<p>Oaxaca, Oax., a 1 de julio de 2025.\u2013 El gobierno municipal de Santa Cruz Xoxocotl\u00e1n, encabezado por la presidenta Nancy Ben\u00edtez Z\u00e1rate, impulsa el desarrollo econ\u00f3mico con acciones que fortalecen a negocios locales y fomentan el emprendimiento.&nbsp;<\/p>\n\n\n\n<p>A trav\u00e9s de una pol\u00edtica cercana, se brinda orientaci\u00f3n y acompa\u00f1amiento a emprendedores y micro, peque\u00f1as y medianas empresas.El objetivo es fomentar la formalizaci\u00f3n, otorgar certeza jur\u00eddica y facilitar el acceso a financiamiento y capacitaci\u00f3n.<\/p>\n\n\n\n<p>Estas acciones son coordinadas por la Regidur\u00eda de Desarrollo Econ\u00f3mico, que canaliza a las personas interesadas hacia instancias estatales y federales.<\/p>\n\n\n\n<p>Entre los apoyos disponibles est\u00e1n el registro de marca, tr\u00e1mites empresariales, asesor\u00edas fiscales, elaboraci\u00f3n de planes de negocio y microcr\u00e9ditos con tasas accesibles.<\/p>\n\n\n\n<p>Adem\u00e1s, en alianza con el Instituto de Capacitaci\u00f3n y Productividad para el Trabajo (Icapet), se han implementado talleres en distintas colonias del municipio.<\/p>\n\n\n\n<p>Tambi\u00e9n se busca&nbsp;&nbsp;que en conjunto con la Universidad Tecnol\u00f3gica de los Valles Centrales de Oaxaca, estudiantes elaboren planes de negocio para emprendedores locales.<\/p>\n\n\n\n<p>El gobierno municipal invita a quienes emprenden o ya cuentan con un negocio, a acercarse y conocer los apoyos disponibles para hacer crecer sus proyectos.<\/p>\n","protected":false},"excerpt":{"rendered":"<p>Redacci\u00f3n\/Zona Roja. Oaxaca, Oax., a 1 de julio de 2025.\u2013 El gobierno municipal de Santa&hellip;<\/p>\n","protected":false},"author":2,"featured_media":81962,"comment_status":"closed","ping_status":"open","sticky":false,"template":"","format":"standard","meta":{"_lmt_disableupdate":"","_lmt_disable":"","_jetpack_memberships_contains_paid_content":false,"footnotes":""},"categories":[109,46],"tags":[133],"class_list":["post-81961","post","type-post","status-publish","format-standard","has-post-thumbnail","hentry","category-minuto-a-minuto","category-zona-blanca","tag-santa-cruz-xoxocotlan"],"jetpack_featured_media_url":"https:\/\/zonaroja.com.mx\/wp-content\/uploads\/2025\/07\/Xoxocotlan-impulsa-economia-local-con-apoyo-a-emprendedores-1.jpeg","jetpack_sharing_enabled":true,"_links":{"self":[{"href":"https:\/\/zonaroja.com.mx\/index.php?rest_route=\/wp\/v2\/posts\/81961","targetHints":{"allow":["GET"]}}],"collection":[{"href":"https:\/\/zonaroja.com.mx\/index.php?rest_route=\/wp\/v2\/posts"}],"about":[{"href":"https:\/\/zonaroja.com.mx\/index.php?rest_route=\/wp\/v2\/types\/post"}],"author":[{"embeddable":true,"href":"https:\/\/zonaroja.com.mx\/index.php?rest_route=\/wp\/v2\/users\/2"}],"replies":[{"embeddable":true,"href":"https:\/\/zonaroja.com.mx\/index.php?rest_route=%2Fwp%2Fv2%2Fcomments&post=81961"}],"version-history":[{"count":1,"href":"https:\/\/zonaroja.com.mx\/index.php?rest_route=\/wp\/v2\/posts\/81961\/revisions"}],"predecessor-version":[{"id":81963,"href":"https:\/\/zonaroja.com.mx\/index.php?rest_route=\/wp\/v2\/posts\/81961\/revisions\/81963"}],"wp:featuredmedia":[{"embeddable":true,"href":"https:\/\/zonaroja.com.mx\/index.php?rest_route=\/wp\/v2\/media\/81962"}],"wp:attachment":[{"href":"https:\/\/zonaroja.com.mx\/index.php?rest_route=%2Fwp%2Fv2%2Fmedia&parent=81961"}],"wp:term":[{"taxonomy":"category","embeddable":true,"href":"https:\/\/zonaroja.com.mx\/index.php?rest_route=%2Fwp%2Fv2%2Fcategories&post=81961"},{"taxonomy":"post_tag","embeddable":true,"href":"https:\/\/zonaroja.com.mx\/index.php?rest_route=%2Fwp%2Fv2%2Ftags&post=81961"}],"curies":[{"name":"wp","href":"https:\/\/api.w.org\/{rel}","templated":true}]}}