{"id":81964,"date":"2025-07-01T22:00:41","date_gmt":"2025-07-02T04:00:41","guid":{"rendered":"https:\/\/zonaroja.com.mx\/?p=81964"},"modified":"2025-07-01T22:00:43","modified_gmt":"2025-07-02T04:00:43","slug":"arrancan-en-oaxaca-las-fiestas-de-julio-mes-de-la-guelaguetza","status":"publish","type":"post","link":"https:\/\/zonaroja.com.mx\/?p=81964","title":{"rendered":"Arrancan en Oaxaca las fiestas de julio, mes de la Guelaguetza\u00a0"},"content":{"rendered":"\n<p>Redacci\u00f3n\/Zona Roja.<\/p>\n\n\n\n<p>Oaxaca, Oax. A 1 de julio de 2025.- En el inicio de las actividades de la Guelaguetza 2025, el gobernador Salom\u00f3n Jara Cruz expres\u00f3 que su administraci\u00f3n le ha devuelto a esta celebraci\u00f3n su esp\u00edritu incluyente y esencia comunitaria.<\/p>\n\n\n\n<p>En conferencia de prensa en Palacio de Gobierno, el mandatario estatal reiter\u00f3 que la m\u00e1xima fiesta de las y los oaxaque\u00f1os representa hermandad y contiene un gran valor hist\u00f3rico para los pueblos de Oaxaca.<\/p>\n\n\n\n<p>\u201cPara nosotros no es marketing, eso era para los gobiernos neoliberales. Este mes es de respeto y tributo a nuestras comunidades, nos encargaremos de que las oaxaque\u00f1as y oaxaque\u00f1os tengan una gran fiesta, que es el orgullo de nuestro estado, pa\u00eds y el mundo\u201d, manifest\u00f3.<\/p>\n\n\n\n<p>Previo al arranque formal de esta celebraci\u00f3n, Jara Cruz afirm\u00f3 que el Gobierno de Oaxaca implementa las acciones necesarias para garantizar que las familias locales y visitantes vivan estas tradiciones en un clima de paz y armon\u00eda.<\/p>\n\n\n\n<p>\u201cHoy Oaxaca tiene seguridad y gobernabilidad, como nunca antes vigilaremos que no haya abusos de ninguna situaci\u00f3n que afecte a nuestros pueblos, invitadas e invitados\u201d, dijo.<\/p>\n\n\n\n<p>En este tenor, el Gobernador del Estado dio la bienvenida a las y los turistas que llegar\u00e1n a Oaxaca, Coraz\u00f3n Cultural y Ling\u00fc\u00edstico de M\u00e9xico, para admirar el esplendor de las comunidades expresado en ceremonias y danzas que se presentar\u00e1n en los Lunes del Cerro, el 21 y 28 de julio, con dos emisiones por d\u00eda, a las 10:00 y 17:00 horas.<\/p>\n\n\n\n<p>AUT\u00c9NTICA FIESTA<\/p>\n\n\n\n<p>Por la tarde, en una aut\u00e9ntica fiesta que conjug\u00f3 la m\u00fasica y tradiciones de las y los representantes de las ocho regiones de Oaxaca, la Plaza de la Danza fue el escenario en el que este martes arrancaron las celebraciones de Julio, Mes de la Guelaguetza 2025.<\/p>\n\n\n\n<p>El sonido de la chirim\u00eda, flautas, clarinetes y tambores anunciaron a manera de invitaci\u00f3n, el inicio de la M\u00e1xima fiesta de las y los oaxaque\u00f1os, la fiesta \u00e9tnica racial m\u00e1s grande de Latinoam\u00e9rica.<\/p>\n\n\n\n<p>Entre m\u00fasica y danzas, las 16 culturas de los pueblos ind\u00edgenas y afromexicano de la entidad, se hicieron presentes para demostrar por qu\u00e9 Oaxaca, es el coraz\u00f3n cultural de M\u00e9xico, y cada a\u00f1o, a trav\u00e9s de la Guelaguetza -que en zapoteco significa \u201cofrenda\u201d- se comparte con el mundo su herencia y alma colectiva.<\/p>\n\n\n\n<p>Con la representaci\u00f3n del gobernador Salom\u00f3n Jara Cruz, y en presencia de la Presidenta Honoraria del Sistema DIF Oaxaca, Irma Bola\u00f1os Quijano, el titular de la Secretar\u00eda de las Culturas y las Artes, Flavio Sosa Villavicencio, expres\u00f3 que esta no es solo una celebraci\u00f3n cultural, ni \u00fanicamente un evento art\u00edstico, \u201ces una manifestaci\u00f3n viva de nuestros pueblos, de su historia profunda, generosidad y comunalidad\u201d, dijo.<\/p>\n\n\n\n<p>A\u00f1adi\u00f3 que cada baile, traje, canto y paso que se apreciar\u00e1 en los siguientes d\u00edas de esta celebraci\u00f3n encabezada por Patricia Casiano Zaragoza, representante de la Diosa Cent\u00e9otl 2025, no son un espect\u00e1culo, es un rito que tiene su origen en un ritual, en el que los prehisp\u00e1nicos ped\u00edan a los dioses de la lluvia y el ma\u00edz, por mejores y abundantes cosechas.<\/p>\n\n\n\n<p>\u201cHoy m\u00e1s que nunca, debemos entender la Guelaguetza no como una simple festividad, sino como un acto sagrado de reciprocidad. Un llamado a vivir los valores que nos han sostenido como pueblos originarios: la comunalidad, el respeto a la madre tierra, el trabajo compartido y la memoria viva\u201d, dijo.&nbsp;<\/p>\n\n\n\n<p>La Guelaguetza 2025 incluir\u00e1 m\u00e1s de 150 eventos culturales, art\u00edsticos, gastron\u00f3micos y deportivos, que enmarcar\u00e1n la m\u00e1xima fiesta de las y los oaxaque\u00f1os desde este 1 de julio, hasta el 2 de agosto, en 31 espacios p\u00fablicos de la capital oaxaque\u00f1a y municipios conurbados.<\/p>\n\n\n\n<p>Los Lunes del Cerro que tendr\u00e1n lugar el 21 y 28 de julio en el auditorio \u201cGuelaguetza\u201d, contar\u00e1 con la participaci\u00f3n de 55 delegaciones en sus cuatro presentaciones.<\/p>\n","protected":false},"excerpt":{"rendered":"<p>Redacci\u00f3n\/Zona Roja. Oaxaca, Oax. A 1 de julio de 2025.- En el inicio de las&hellip;<\/p>\n","protected":false},"author":2,"featured_media":81965,"comment_status":"closed","ping_status":"open","sticky":false,"template":"","format":"standard","meta":{"_lmt_disableupdate":"","_lmt_disable":"","_jetpack_memberships_contains_paid_content":false,"footnotes":""},"categories":[109,46],"tags":[939],"class_list":["post-81964","post","type-post","status-publish","format-standard","has-post-thumbnail","hentry","category-minuto-a-minuto","category-zona-blanca","tag-salomon-jara-cruz"],"jetpack_featured_media_url":"https:\/\/zonaroja.com.mx\/wp-content\/uploads\/2025\/07\/Con-la-anfitrionia-de-las-16-etnias-y-el-pueblo-afromexicano-inicia-Julio-Mes-de-la-Guelaguetza-2025-5.jpeg","jetpack_sharing_enabled":true,"_links":{"self":[{"href":"https:\/\/zonaroja.com.mx\/index.php?rest_route=\/wp\/v2\/posts\/81964","targetHints":{"allow":["GET"]}}],"collection":[{"href":"https:\/\/zonaroja.com.mx\/index.php?rest_route=\/wp\/v2\/posts"}],"about":[{"href":"https:\/\/zonaroja.com.mx\/index.php?rest_route=\/wp\/v2\/types\/post"}],"author":[{"embeddable":true,"href":"https:\/\/zonaroja.com.mx\/index.php?rest_route=\/wp\/v2\/users\/2"}],"replies":[{"embeddable":true,"href":"https:\/\/zonaroja.com.mx\/index.php?rest_route=%2Fwp%2Fv2%2Fcomments&post=81964"}],"version-history":[{"count":1,"href":"https:\/\/zonaroja.com.mx\/index.php?rest_route=\/wp\/v2\/posts\/81964\/revisions"}],"predecessor-version":[{"id":81966,"href":"https:\/\/zonaroja.com.mx\/index.php?rest_route=\/wp\/v2\/posts\/81964\/revisions\/81966"}],"wp:featuredmedia":[{"embeddable":true,"href":"https:\/\/zonaroja.com.mx\/index.php?rest_route=\/wp\/v2\/media\/81965"}],"wp:attachment":[{"href":"https:\/\/zonaroja.com.mx\/index.php?rest_route=%2Fwp%2Fv2%2Fmedia&parent=81964"}],"wp:term":[{"taxonomy":"category","embeddable":true,"href":"https:\/\/zonaroja.com.mx\/index.php?rest_route=%2Fwp%2Fv2%2Fcategories&post=81964"},{"taxonomy":"post_tag","embeddable":true,"href":"https:\/\/zonaroja.com.mx\/index.php?rest_route=%2Fwp%2Fv2%2Ftags&post=81964"}],"curies":[{"name":"wp","href":"https:\/\/api.w.org\/{rel}","templated":true}]}}