{"id":81967,"date":"2025-07-01T22:06:29","date_gmt":"2025-07-02T04:06:29","guid":{"rendered":"https:\/\/zonaroja.com.mx\/?p=81967"},"modified":"2025-07-01T22:06:32","modified_gmt":"2025-07-02T04:06:32","slug":"con-operacion-sable-disminuye-50-homicidios-dolosos-fiscalia","status":"publish","type":"post","link":"https:\/\/zonaroja.com.mx\/?p=81967","title":{"rendered":"Con Operaci\u00f3n \u201cSable\u201d, disminuye 50% homicidios dolosos: Fiscal\u00eda"},"content":{"rendered":"\n<p>Redacci\u00f3n\/Zona Roja.&nbsp;<\/p>\n\n\n\n<p>Oaxaca, Oax., a 1 de julio de 2025.- El fiscal General del Estado de Oaxaca, Bernardo Rodr\u00edguez Alamilla, inform\u00f3 que, como resultado de la implementaci\u00f3n de la Operaci\u00f3n \u201cSable\u201d, la regi\u00f3n del Istmo de Tehuantepec presenta una disminuci\u00f3n del 50 por ciento en la incidencia de homicidios dolosos, as\u00ed como la detenci\u00f3n de m\u00e1s de 65 personas consideradas como objetivos prioritarios y generadores de violencia.<\/p>\n\n\n\n<p>Detall\u00f3 que el panorama en el \u00edndice de homicidios dolosos era de 38 homicidios al mes en su punto m\u00e1s alto, previo a la intervenci\u00f3n interinstitucional con fuerzas estatales y federales.<\/p>\n\n\n\n<p>Pero, en los \u00faltimos meses a partir de la implementaci\u00f3n de la Operaci\u00f3n \u201cSable\u201d se ha logrado una importante disminuci\u00f3n en la incidencia de este delito y, en el \u00faltimo mes, se tiene el registro de 16 homicidios, lo que representa la disminuci\u00f3n del 50 por ciento, por lo que junio se convirti\u00f3 en el segundo mes con el menor \u00edndice de homicidios dolosos de acuerdo con las estad\u00edsticas de los \u00faltimos tres a\u00f1os.<\/p>\n\n\n\n<p>Al compartir el panorama de la incidencia de homicidios dolosos, el fiscal Rodr\u00edguez Alamilla, reconoci\u00f3 que a\u00fan hay retos en materia del delito de alto impacto en la regi\u00f3n, especialmente, en el delito de homicidio doloso, sin embargo, tener conocimiento de estas cifras permitir\u00e1 enfocar mejor los esfuerzos interinstitucionales para atender estos problemas y as\u00ed realizar intervenciones que permitan disminuir su incidencia.<\/p>\n\n\n\n<p>Finalmente, detall\u00f3 que esta estrategia de seguridad busca disminuir la incidencia delictiva y generar espacios de paz en esa regi\u00f3n, catalogada con alta incidencia delictiva, y para lograrlo, resalt\u00f3 que la Fiscal\u00eda General del Estado de Oaxaca trabaja coordinadamente con la Secretar\u00eda de Marina (Semar), la Secretar\u00eda de la Defensa Nacional (Defensa) y Guardia Nacional, as\u00ed como la Polic\u00eda Estatal de la Secretar\u00eda de Seguridad y Protecci\u00f3n Ciudadana (SSPC).<\/p>\n\n\n\n<figure class=\"wp-block-embed is-type-rich is-provider-twitter wp-block-embed-twitter\"><div class=\"wp-block-embed__wrapper\">\n<div class=\"twitter-tweet\"><blockquote class=\"twitter-tweet\" data-lang=\"es\"><p lang=\"es\" dir=\"ltr\">Sobre el crimen de la presidenta municipal de San Mateo Pi\u00f1as, ya hay una persona detenida, aunque no relacionada directamente con el homicidio, inform\u00f3 hoy el fiscal <a href=\"https:\/\/twitter.com\/FiscalOaxaca?ref_src=twsrc%5Etfw\">@FiscalOaxaca<\/a>.<br><br>En tanto, la Operaci\u00f3n \u201cSable\u201d contin\u00faa dando resultados en la regi\u00f3n del Istmo, con la detenci\u00f3n\u2026 <a href=\"https:\/\/t.co\/y1c6xQNSPI\">pic.twitter.com\/y1c6xQNSPI<\/a><\/p>&mdash; Zona Roja Oaxaca (@ZonaRoja_Oaxaca) <a href=\"https:\/\/twitter.com\/ZonaRoja_Oaxaca\/status\/1940229014385262783?ref_src=twsrc%5Etfw\">2 de julio de 2025<\/a><\/blockquote><\/div>\n<\/div><\/figure>\n","protected":false},"excerpt":{"rendered":"<p>Redacci\u00f3n\/Zona Roja.&nbsp; Oaxaca, Oax., a 1 de julio de 2025.- El fiscal General del Estado&hellip;<\/p>\n","protected":false},"author":2,"featured_media":81968,"comment_status":"closed","ping_status":"open","sticky":false,"template":"","format":"standard","meta":{"_lmt_disableupdate":"","_lmt_disable":"","_jetpack_memberships_contains_paid_content":false,"footnotes":""},"categories":[109,46],"tags":[1262,494],"class_list":["post-81967","post","type-post","status-publish","format-standard","has-post-thumbnail","hentry","category-minuto-a-minuto","category-zona-blanca","tag-bernardo-rodriguez-alamilla","tag-fiscalia-general-del-estado-de-oaxaca"],"jetpack_featured_media_url":"https:\/\/zonaroja.com.mx\/wp-content\/uploads\/2025\/07\/Conferencia-Bernardo-Rodriguez-Fiscalia.jpeg","jetpack_sharing_enabled":true,"_links":{"self":[{"href":"https:\/\/zonaroja.com.mx\/index.php?rest_route=\/wp\/v2\/posts\/81967","targetHints":{"allow":["GET"]}}],"collection":[{"href":"https:\/\/zonaroja.com.mx\/index.php?rest_route=\/wp\/v2\/posts"}],"about":[{"href":"https:\/\/zonaroja.com.mx\/index.php?rest_route=\/wp\/v2\/types\/post"}],"author":[{"embeddable":true,"href":"https:\/\/zonaroja.com.mx\/index.php?rest_route=\/wp\/v2\/users\/2"}],"replies":[{"embeddable":true,"href":"https:\/\/zonaroja.com.mx\/index.php?rest_route=%2Fwp%2Fv2%2Fcomments&post=81967"}],"version-history":[{"count":1,"href":"https:\/\/zonaroja.com.mx\/index.php?rest_route=\/wp\/v2\/posts\/81967\/revisions"}],"predecessor-version":[{"id":81969,"href":"https:\/\/zonaroja.com.mx\/index.php?rest_route=\/wp\/v2\/posts\/81967\/revisions\/81969"}],"wp:featuredmedia":[{"embeddable":true,"href":"https:\/\/zonaroja.com.mx\/index.php?rest_route=\/wp\/v2\/media\/81968"}],"wp:attachment":[{"href":"https:\/\/zonaroja.com.mx\/index.php?rest_route=%2Fwp%2Fv2%2Fmedia&parent=81967"}],"wp:term":[{"taxonomy":"category","embeddable":true,"href":"https:\/\/zonaroja.com.mx\/index.php?rest_route=%2Fwp%2Fv2%2Fcategories&post=81967"},{"taxonomy":"post_tag","embeddable":true,"href":"https:\/\/zonaroja.com.mx\/index.php?rest_route=%2Fwp%2Fv2%2Ftags&post=81967"}],"curies":[{"name":"wp","href":"https:\/\/api.w.org\/{rel}","templated":true}]}}