{"id":8197,"date":"2020-01-29T21:59:14","date_gmt":"2020-01-30T03:59:14","guid":{"rendered":"http:\/\/www.zonaroja.com.mx\/?p=8197"},"modified":"2020-01-29T21:59:21","modified_gmt":"2020-01-30T03:59:21","slug":"miercoles-rojo-4-ejecutados-2-en-tuxtepec-1-en-tlalixtac-y-otro-en-la-capital","status":"publish","type":"post","link":"https:\/\/zonaroja.com.mx\/?p=8197","title":{"rendered":"Mi\u00e9rcoles rojo: 4 ejecutados, 2 en Tuxtepec, 1 en Tlalixtac y otro en la capital"},"content":{"rendered":"\n<p>Redacci\u00f3n\/Zona Roja.<\/p>\n\n\n\n<p>Oaxaca de Ju\u00e1rez, Oax., 29 de enero de\n2020.- Ante la nula pol\u00edtica de prevenci\u00f3n y disuasi\u00f3n de la Secretar\u00eda de\nSeguridad P\u00fablica, cuatro personas fueron ejecutadas en Oaxaca este mi\u00e9rcoles.<\/p>\n\n\n\n<p>En San Juan Bautista Tuxtepec, en la\nregi\u00f3n de la Cuenca, los homicidios dolosos no cesan por tercer d\u00eda consecutivo\nde la semana; en casi un mes, suman 18 cr\u00edmenes.<\/p>\n\n\n\n<p>Esta noche de mi\u00e9rcoles se registraron\ndos ejecuciones a balazos, en hechos distintos.<\/p>\n\n\n\n<p>El primer ataque ocurri\u00f3 sobre la calle\nde Javier Mina, casi esquina con avenida 5 de Mayo, a unos pasos del Palacio\nMunicipal de Tuxtepec, en el primer cuadro de la ciudad. Al lugar arribaron\nelemento de seguridad para acordinar el \u00e1rea del delito e iniciar las\ndiligencias correspondientes.<\/p>\n\n\n\n<p>La v\u00edctima fue identificada como Juan\nCarlos U. G., de 43 a\u00f1os de edad, quien fue asesinado a unos metros de su\ndomicilio ubicado sobre esa misma calle perteneciente a la colonia Santa Clara.<\/p>\n\n\n\n<p>El segundo ataque armado se registr\u00f3\nminutos despu\u00e9s en la colonia Ex Normal, donde tambi\u00e9n fue ultimado un\nindividuo, hasta ahora no identificado, cerca de una escuela secundaria.<\/p>\n\n\n\n<p>En Tlalixtac de Cabrera, municipio de\nla regi\u00f3n Valles Centrales, conurbado a la capital, se registr\u00f3 un ataque\narmado; polic\u00edas hallaron a una persona del sexo masculino herida por disparos\nde arma de fuego.<\/p>\n\n\n\n<p>Tras ser trasladado a un hospital de la\nciudad de Oaxaca, se report\u00f3 el deceso; fue identificado de manera preliminar\ncomo Edgar, sobrino de Juan Luis Mart\u00ednez, extinto dirigente de la\nConfederaci\u00f3n Nacional de la Productividad (CNP); a\u00fan se desconocen el m\u00f3vil\ndel crimen.<\/p>\n\n\n\n<p>Horas antes, tambi\u00e9n se localiz\u00f3 sin\nvida a otro var\u00f3n en zona habitacional en las faldas del Cerro del Fort\u00edn, en\nla capital del estado. El hombre se hall\u00f3 atado de pies y manos, as\u00ed como\namordazado y con impactos de arma de fuego.<\/p>\n\n\n\n<p>M\u00c1S MUERTOS<\/p>\n\n\n\n<p>A los hechos delictivos, se suma otro\nhallazgo de un probable feminicidio en la capital. Una mujer fue encontrada sin\nvida en avanzado estado de descomposici\u00f3n al interior de un domicilio de la\ncalle El Salto en el barrio de Jalatlaco. Presuntamente se trata de una mujer\nde origen extranjero.<\/p>\n\n\n\n<p>Los cuerpos de dos probables indigentes\nfueron hallados tambi\u00e9n este mi\u00e9rcoles, uno de un masculino cerca de la rampa\nde basura del Mercado de Abasto; otro de una femenina, cerca de la iglesia del\ncentro de la Villa de Zaachila.<\/p>\n\n\n\n<p>M\u00c1S DELINCUENCIA<\/p>\n\n\n\n<figure class=\"wp-block-image\"><img decoding=\"async\" width=\"960\" height=\"720\" src=\"http:\/\/www.zonaroja.com.mx\/wp-content\/uploads\/2020\/01\/3ef7edb6-4714-4592-bbd4-b5498e6e9064.jpg\" alt=\"\" class=\"wp-image-8199\" srcset=\"https:\/\/zonaroja.com.mx\/wp-content\/uploads\/2020\/01\/3ef7edb6-4714-4592-bbd4-b5498e6e9064.jpg 960w, https:\/\/zonaroja.com.mx\/wp-content\/uploads\/2020\/01\/3ef7edb6-4714-4592-bbd4-b5498e6e9064-300x225.jpg 300w, https:\/\/zonaroja.com.mx\/wp-content\/uploads\/2020\/01\/3ef7edb6-4714-4592-bbd4-b5498e6e9064-768x576.jpg 768w, https:\/\/zonaroja.com.mx\/wp-content\/uploads\/2020\/01\/3ef7edb6-4714-4592-bbd4-b5498e6e9064-585x439.jpg 585w\" sizes=\"(max-width: 960px) 100vw, 960px\" \/><\/figure>\n\n\n\n<p>Ante la indefensi\u00f3n de los elementos\npoliciales del estado y municipales, en el transcurso de este mi\u00e9rcoles se\nregistraron al menos cuatro detenciones de delincuentes por parte de la\nciudadan\u00eda, en distintos puntos de la capital.<\/p>\n\n\n\n<p>Uno de los casos se trat\u00f3 de un\npresunto agresor de una joven en el Centro Hist\u00f3rico, a quien intent\u00f3 violar al\ninterior de una tienda de ropa. Otro m\u00e1s en la avenida Universidad, en\ninmediaciones de Plaza Oaxaca y un tercero en pleno z\u00f3calo de la capital.<\/p>\n\n\n\n<p>Por otra parte, integrantes del Consejo\nInd\u00edgena Popular de Oaxaca \u201cRicardo Flores Mag\u00f3n\u201d, exigieron hoy la destituci\u00f3n\ndel secretario de Seguridad P\u00fablica (SSPO), Ra\u00fal Ernesto Salcedo, por los nulos\nresultados en materia de seguridad en la entidad.<\/p>\n","protected":false},"excerpt":{"rendered":"<p>Redacci\u00f3n\/Zona Roja. Oaxaca de Ju\u00e1rez, Oax., 29 de enero de 2020.- Ante la nula pol\u00edtica&hellip;<\/p>\n","protected":false},"author":2,"featured_media":8198,"comment_status":"closed","ping_status":"open","sticky":false,"template":"","format":"standard","meta":{"_lmt_disableupdate":"","_lmt_disable":"","_jetpack_memberships_contains_paid_content":false,"footnotes":""},"categories":[109,51],"tags":[148,118,1259],"class_list":["post-8197","post","type-post","status-publish","format-standard","has-post-thumbnail","hentry","category-minuto-a-minuto","category-zona-roja","tag-oaxaca-de-juarez","tag-san-juan-bautista-tuxtepec","tag-tlalixtac-de-cabrera"],"jetpack_featured_media_url":"https:\/\/zonaroja.com.mx\/wp-content\/uploads\/2020\/01\/0a9f5837-e107-450c-9a07-30f80e47544d.jpg","jetpack_sharing_enabled":true,"_links":{"self":[{"href":"https:\/\/zonaroja.com.mx\/index.php?rest_route=\/wp\/v2\/posts\/8197","targetHints":{"allow":["GET"]}}],"collection":[{"href":"https:\/\/zonaroja.com.mx\/index.php?rest_route=\/wp\/v2\/posts"}],"about":[{"href":"https:\/\/zonaroja.com.mx\/index.php?rest_route=\/wp\/v2\/types\/post"}],"author":[{"embeddable":true,"href":"https:\/\/zonaroja.com.mx\/index.php?rest_route=\/wp\/v2\/users\/2"}],"replies":[{"embeddable":true,"href":"https:\/\/zonaroja.com.mx\/index.php?rest_route=%2Fwp%2Fv2%2Fcomments&post=8197"}],"version-history":[{"count":1,"href":"https:\/\/zonaroja.com.mx\/index.php?rest_route=\/wp\/v2\/posts\/8197\/revisions"}],"predecessor-version":[{"id":8200,"href":"https:\/\/zonaroja.com.mx\/index.php?rest_route=\/wp\/v2\/posts\/8197\/revisions\/8200"}],"wp:featuredmedia":[{"embeddable":true,"href":"https:\/\/zonaroja.com.mx\/index.php?rest_route=\/wp\/v2\/media\/8198"}],"wp:attachment":[{"href":"https:\/\/zonaroja.com.mx\/index.php?rest_route=%2Fwp%2Fv2%2Fmedia&parent=8197"}],"wp:term":[{"taxonomy":"category","embeddable":true,"href":"https:\/\/zonaroja.com.mx\/index.php?rest_route=%2Fwp%2Fv2%2Fcategories&post=8197"},{"taxonomy":"post_tag","embeddable":true,"href":"https:\/\/zonaroja.com.mx\/index.php?rest_route=%2Fwp%2Fv2%2Ftags&post=8197"}],"curies":[{"name":"wp","href":"https:\/\/api.w.org\/{rel}","templated":true}]}}