{"id":81970,"date":"2025-07-01T22:17:51","date_gmt":"2025-07-02T04:17:51","guid":{"rendered":"https:\/\/zonaroja.com.mx\/?p=81970"},"modified":"2025-07-01T22:17:53","modified_gmt":"2025-07-02T04:17:53","slug":"con-30-asesinatos-sinaloa-registra-el-dia-mas-violento-de-la-narcoguerra","status":"publish","type":"post","link":"https:\/\/zonaroja.com.mx\/?p=81970","title":{"rendered":"Con 30 asesinatos, Sinaloa registra el d\u00eda m\u00e1s violento de la \u201cnarcoguerra\u201d"},"content":{"rendered":"\n<p>Redacci\u00f3n\/Zona Roja Cdmx.<\/p>\n\n\n\n<p>Ciudad de M\u00e9xico, a 1 de julio de 2025.- Sinaloa registr\u00f3 su d\u00eda m\u00e1s violento este lunes 30 de junio con un total de 30 homicidios desde el inicio de la guerra entre las facciones del C\u00e1rtel de Sinaloa el pasado 9 de septiembre de 2024.<\/p>\n\n\n\n<p>Este hecho fue confirmado por la Fiscal\u00eda General del Estado (FGE), la cual detall\u00f3 que este lunes fueron localizadas 30 personas sin vida y solo se abrieron 8 carpetas de investigaci\u00f3n por el delito de homicidio doloso.<\/p>\n\n\n\n<p>Uno de los hechos m\u00e1s violentos ocurri\u00f3 sobre la carretera Culiac\u00e1n-Los Mochis, donde fueron localizados 16 cad\u00e1veres al interior de una camioneta y cuatro m\u00e1s colgados y decapitados en un puente vehicular a la altura del Seminario Diocesano.<\/p>\n\n\n\n<p>Los veinte cuerpos hallados tambi\u00e9n fueron abandonados junto a una narcomanta en la que amenazaban a Iv\u00e1n Archivaldo y a la facci\u00f3n de \u201cLos Chapitos\u201d.<\/p>\n\n\n\n<p>\u201cEste mensaje va dirigido para Iv\u00e1n Archivaldo (\u2026) Esto va para todos los alucinados que le siguen el rollo a \u2018Los Chapozetas\u2019. Aqu\u00ed los vamos a esperar. Bienvenidos al nuevo Sinaloa\u201d, dec\u00eda el mensaje.<\/p>\n\n\n\n<p>Cuatro homicidios m\u00e1s ocurrieron en Culiac\u00e1n, en el que una persona falleci\u00f3 en el hospital tras recibir atenci\u00f3n m\u00e9dica, dos cuerpos sin vida fueron localizados en la colonia Infonavit Barrancos y uno m\u00e1s en la colonia Plutarco El\u00edas Calles.<\/p>\n\n\n\n<p>En el municipio de Navolato fueron hallados tres cad\u00e1veres en un camino de terracer\u00eda que conduce del poblado Macario Gaxiola al poblado Juan Aldama El Tigre.<\/p>\n\n\n\n<p>Una persona sin vida fue localizada en el \u00e1rea de mortuorio de un hospital en la comunidad de La Cruz del municipio de Elota. Por su parte, en Mazatl\u00e1n una persona falleci\u00f3 cuando recib\u00eda atenci\u00f3n m\u00e9dica por hechos violentos y una m\u00e1s fue hallada sin vida frente a un terreno bald\u00edo de la colonia Ejido El Conchi.<\/p>\n\n\n\n<p>Este lunes tambi\u00e9n fueron registradas tres denunciadas en Culiac\u00e1n por el delito de privaci\u00f3n de la libertad.<\/p>\n\n\n\n<p>Desde el pasado 9 de septiembre de 2024 las facciones de \u201cLos Chapitos\u201d y \u201cLos Mayos\u201d comenzaron un enfrentamiento que ha desatado la violencia en Sinaloa, el cual comenz\u00f3 dos meses despu\u00e9s de la detenci\u00f3n del l\u00edder del c\u00e1rtel, Ismael \u201cEl Mayo\u201d Zambada, quien habr\u00eda sido secuestrado por Joaqu\u00edn Guzm\u00e1n L\u00f3pez, hijo de \u201cEl Chapo\u201d, para ser entregado a los Estados Unidos.<\/p>\n\n\n\n<p>De acuerdo con datos del diario \u201cNoroeste\u201d, junio tambi\u00e9n cerr\u00f3 como uno de los meses m\u00e1s violentos con un total de 212 homicidios dolosos, el cual supera todos los registros del primer semestre de la entidad desde hace m\u00e1s de quince a\u00f1os.<\/p>\n\n\n\n<p>La ola de violencia ha dejado m\u00e1s de mil 500 homicidios, en medio de un fen\u00f3meno que representa un promedio de m\u00e1s de 6 asesinatos al d\u00eda. Adem\u00e1s, hasta febrero pasado el Secretariado Ejecutivo del Sistema Estatal de Seguridad P\u00fablica contabiliz\u00f3 al menos 30 menores de edad asesinados en hechos violentos.<\/p>\n\n\n\n<p>(Informaci\u00f3n de Infobae M\u00e9xico)<\/p>\n","protected":false},"excerpt":{"rendered":"<p>Redacci\u00f3n\/Zona Roja Cdmx. Ciudad de M\u00e9xico, a 1 de julio de 2025.- Sinaloa registr\u00f3 su&hellip;<\/p>\n","protected":false},"author":2,"featured_media":73431,"comment_status":"closed","ping_status":"open","sticky":false,"template":"","format":"standard","meta":{"_lmt_disableupdate":"","_lmt_disable":"","_jetpack_memberships_contains_paid_content":false,"footnotes":""},"categories":[109,51],"tags":[4146],"class_list":["post-81970","post","type-post","status-publish","format-standard","has-post-thumbnail","hentry","category-minuto-a-minuto","category-zona-roja","tag-violencia-en-sinaloa"],"jetpack_featured_media_url":"https:\/\/zonaroja.com.mx\/wp-content\/uploads\/2024\/10\/Militares-Culiacan-Sinaloa.jpg.webp","jetpack_sharing_enabled":true,"_links":{"self":[{"href":"https:\/\/zonaroja.com.mx\/index.php?rest_route=\/wp\/v2\/posts\/81970","targetHints":{"allow":["GET"]}}],"collection":[{"href":"https:\/\/zonaroja.com.mx\/index.php?rest_route=\/wp\/v2\/posts"}],"about":[{"href":"https:\/\/zonaroja.com.mx\/index.php?rest_route=\/wp\/v2\/types\/post"}],"author":[{"embeddable":true,"href":"https:\/\/zonaroja.com.mx\/index.php?rest_route=\/wp\/v2\/users\/2"}],"replies":[{"embeddable":true,"href":"https:\/\/zonaroja.com.mx\/index.php?rest_route=%2Fwp%2Fv2%2Fcomments&post=81970"}],"version-history":[{"count":1,"href":"https:\/\/zonaroja.com.mx\/index.php?rest_route=\/wp\/v2\/posts\/81970\/revisions"}],"predecessor-version":[{"id":81971,"href":"https:\/\/zonaroja.com.mx\/index.php?rest_route=\/wp\/v2\/posts\/81970\/revisions\/81971"}],"wp:featuredmedia":[{"embeddable":true,"href":"https:\/\/zonaroja.com.mx\/index.php?rest_route=\/wp\/v2\/media\/73431"}],"wp:attachment":[{"href":"https:\/\/zonaroja.com.mx\/index.php?rest_route=%2Fwp%2Fv2%2Fmedia&parent=81970"}],"wp:term":[{"taxonomy":"category","embeddable":true,"href":"https:\/\/zonaroja.com.mx\/index.php?rest_route=%2Fwp%2Fv2%2Fcategories&post=81970"},{"taxonomy":"post_tag","embeddable":true,"href":"https:\/\/zonaroja.com.mx\/index.php?rest_route=%2Fwp%2Fv2%2Ftags&post=81970"}],"curies":[{"name":"wp","href":"https:\/\/api.w.org\/{rel}","templated":true}]}}