{"id":81972,"date":"2025-07-02T07:15:00","date_gmt":"2025-07-02T13:15:00","guid":{"rendered":"https:\/\/zonaroja.com.mx\/?p=81972"},"modified":"2025-07-02T06:56:40","modified_gmt":"2025-07-02T12:56:40","slug":"mantienen-en-oaxaca-capital-descuentos-por-traslado-de-dominio","status":"publish","type":"post","link":"https:\/\/zonaroja.com.mx\/?p=81972","title":{"rendered":"Mantienen en Oaxaca capital descuentos por traslado de dominio\u00a0"},"content":{"rendered":"\n<p>Redacci\u00f3n\/Zona Roja.<\/p>\n\n\n\n<p>Oaxaca, Oax., a 2 de julio de 2025.\u2013 En la sesi\u00f3n de Cabildo de ayer, que presidi\u00f3 Ray Chagoya, se record\u00f3 que, durante todo el mes de julio, estar\u00e1n vigentes los descuentos en el tr\u00e1mite de traslado de dominio, una medida que facilita la regularizaci\u00f3n del patrimonio y representa un apoyo directo a la econom\u00eda familiar.<\/p>\n\n\n\n<p>Asimismo, el edil extern\u00f3 una invitaci\u00f3n a los concejales para participar de manera activa en las celebraciones de la Guelaguetza, reconociendo el valor cultural y comunitario de esta fiesta que une a Oaxaca y fortalece la identidad de sus pueblos.<\/p>\n\n\n\n<p>Tambi\u00e9n se record\u00f3 que este mi\u00e9rcoles 2 de julio se realizar\u00e1 la jornada de Di\u00e1logos Vecinales en la Central de Abasto, un espacio para escuchar y atender las necesidades de las vecinas y vecinos.&nbsp;<\/p>\n\n\n\n<p>Con acciones que combinan eficiencia administrativa, respaldo social y cultura viva, el gobierno municipal contin\u00faa transformando la ciudad desde lo esencial.<\/p>\n\n\n\n<p>OPERATIVO DE SEGURIDAD<\/p>\n\n\n\n<p>Ayer martes, el presidente municipal particip\u00f3 tambi\u00e9n en el inicio del operativo de seguridad con motivo de la Guelaguetza, actividad que fue encabezada por el mandatario estatal.<\/p>\n\n\n\n<p>El edil destac\u00f3 que la seguridad durante estas fiestas es un compromiso compartido que involucra prevenci\u00f3n, coordinaci\u00f3n y trabajo en equipo.<\/p>\n\n\n\n<p>Se\u00f1al\u00f3 que esta estrategia no solo garantiza un entorno seguro para oaxaque\u00f1as, oaxaque\u00f1os y visitantes, sino que es reflejo de una pol\u00edtica p\u00fablica centrada en el bienestar y la confianza ciudadana.<\/p>\n\n\n\n<p>\u201cLa transformaci\u00f3n de Oaxaca de Ju\u00e1rez tambi\u00e9n se vive desde la tranquilidad que inspira un gobierno que se anticipa. Este operativo es el resultado de una coordinaci\u00f3n interinstitucional in\u00e9dita, con un despliegue log\u00edstico pensado para que la Guelaguetza se disfrute con orden, cuidado y paz\u201d, expres\u00f3 Ray Chagoya.<\/p>\n\n\n\n<p>El operativo contempla vigilancia en espacios p\u00fablicos, m\u00f3dulos de atenci\u00f3n tur\u00edstica y m\u00e9dica, patrullajes en zonas de alta afluencia y presencia permanente de cuerpos de seguridad y emergencia en todos los eventos oficiales.<\/p>\n\n\n\n<p>Previamente, el presidente municipal particip\u00f3 en el banderazo de salida de las Rutas Guelaguetza del Binnibus, un servicio gratuito y accesible impulsado por el Gobierno del Estado, que contar\u00e1 con 17 unidades equipadas con videovigilancia, GPS y rampas para personas con discapacidad. Se prev\u00e9 que m\u00e1s de 89 mil personas se beneficien de este sistema de transporte que facilitar\u00e1 el acceso a escenarios clave de las celebraciones.<\/p>\n\n\n\n<figure class=\"wp-block-embed is-type-rich is-provider-twitter wp-block-embed-twitter\"><div class=\"wp-block-embed__wrapper\">\n<div class=\"twitter-tweet\"><blockquote class=\"twitter-tweet\" data-lang=\"es\"><p lang=\"es\" dir=\"ltr\">\u00bfSab\u00edas que con el Binni Bus puedes moverte de forma segura, gratuita y c\u00f3moda a los diferentes eventos de la Guelaguetza? \ud83d\ude8c\ud83c\udf3a<br><br>\u00a1Disfruta nuestras fiestas con tranquilidad y vive la cultura al m\u00e1ximo! \ud83d\udc83\ud83c\udffd\ud83c\udfb6 <a href=\"https:\/\/t.co\/wFsUgeyaSB\">pic.twitter.com\/wFsUgeyaSB<\/a><\/p>&mdash; Ray Chagoya (@raychagoya) <a href=\"https:\/\/twitter.com\/raychagoya\/status\/1940205097205866931?ref_src=twsrc%5Etfw\">2 de julio de 2025<\/a><\/blockquote><\/div>\n<\/div><\/figure>\n","protected":false},"excerpt":{"rendered":"<p>Redacci\u00f3n\/Zona Roja. Oaxaca, Oax., a 2 de julio de 2025.\u2013 En la sesi\u00f3n de Cabildo&hellip;<\/p>\n","protected":false},"author":2,"featured_media":81975,"comment_status":"closed","ping_status":"open","sticky":false,"template":"","format":"standard","meta":{"_lmt_disableupdate":"","_lmt_disable":"","_jetpack_memberships_contains_paid_content":false,"footnotes":""},"categories":[109,46],"tags":[4142],"class_list":["post-81972","post","type-post","status-publish","format-standard","has-post-thumbnail","hentry","category-minuto-a-minuto","category-zona-blanca","tag-raymundo-chagoya"],"jetpack_featured_media_url":"https:\/\/zonaroja.com.mx\/wp-content\/uploads\/2025\/07\/Raymundo-Chagoya.jpeg","jetpack_sharing_enabled":true,"_links":{"self":[{"href":"https:\/\/zonaroja.com.mx\/index.php?rest_route=\/wp\/v2\/posts\/81972","targetHints":{"allow":["GET"]}}],"collection":[{"href":"https:\/\/zonaroja.com.mx\/index.php?rest_route=\/wp\/v2\/posts"}],"about":[{"href":"https:\/\/zonaroja.com.mx\/index.php?rest_route=\/wp\/v2\/types\/post"}],"author":[{"embeddable":true,"href":"https:\/\/zonaroja.com.mx\/index.php?rest_route=\/wp\/v2\/users\/2"}],"replies":[{"embeddable":true,"href":"https:\/\/zonaroja.com.mx\/index.php?rest_route=%2Fwp%2Fv2%2Fcomments&post=81972"}],"version-history":[{"count":1,"href":"https:\/\/zonaroja.com.mx\/index.php?rest_route=\/wp\/v2\/posts\/81972\/revisions"}],"predecessor-version":[{"id":81976,"href":"https:\/\/zonaroja.com.mx\/index.php?rest_route=\/wp\/v2\/posts\/81972\/revisions\/81976"}],"wp:featuredmedia":[{"embeddable":true,"href":"https:\/\/zonaroja.com.mx\/index.php?rest_route=\/wp\/v2\/media\/81975"}],"wp:attachment":[{"href":"https:\/\/zonaroja.com.mx\/index.php?rest_route=%2Fwp%2Fv2%2Fmedia&parent=81972"}],"wp:term":[{"taxonomy":"category","embeddable":true,"href":"https:\/\/zonaroja.com.mx\/index.php?rest_route=%2Fwp%2Fv2%2Fcategories&post=81972"},{"taxonomy":"post_tag","embeddable":true,"href":"https:\/\/zonaroja.com.mx\/index.php?rest_route=%2Fwp%2Fv2%2Ftags&post=81972"}],"curies":[{"name":"wp","href":"https:\/\/api.w.org\/{rel}","templated":true}]}}