{"id":81982,"date":"2025-07-02T10:15:00","date_gmt":"2025-07-02T16:15:00","guid":{"rendered":"https:\/\/zonaroja.com.mx\/?p=81982"},"modified":"2025-07-02T12:49:51","modified_gmt":"2025-07-02T18:49:51","slug":"convoca-viveros-montalvo-a-unidad-y-labor-legislativa-de-transformacion","status":"publish","type":"post","link":"https:\/\/zonaroja.com.mx\/?p=81982","title":{"rendered":"Convoca Viveros Montalvo a unidad y labor legislativa de transformaci\u00f3n"},"content":{"rendered":"\n<p>Raymundo Morales\/Zona Roja.<\/p>\n\n\n\n<p>San Raymundo Jalpan, Oax., a 2 de julio de 2025.- \u201cM\u00e1s all\u00e1 de nuestras diferencias partidarias o ideol\u00f3gicas, estamos llamados a coincidir en la esencia del bienestar colectivo y el fortalecimiento de nuestras instituciones democr\u00e1ticas\u201d.<\/p>\n\n\n\n<p>Bajo esa premisa, el presidente de la Junta de Coordinaci\u00f3n Pol\u00edtica del Congreso del Estado de Oaxaca, Benjam\u00edn Viveros Montalvo, reiter\u00f3 su convocatoria a la unidad y a la labor a favor de las causas sociales.<\/p>\n\n\n\n<p>Durante un mensaje que emiti\u00f3 con motivo del inicio del segundo periodo ordinario de sesiones de la 66 Legislatura, expres\u00f3 de nuevo su reconocimiento a las y los diputados.<\/p>\n\n\n\n<p>Asegur\u00f3 que pese a tiempos complejos, hay tambi\u00e9n oportunidades para continuar la transformaci\u00f3n conjunta.<\/p>\n\n\n\n<p>\u201cEsta Legislatura tiene como obligaci\u00f3n ser parte activa y responsable del cambio; nuestra tarea no es exclusivamente normativa, es en alto sentido una labor pol\u00edtica que nos exige visi\u00f3n, compromiso y un profundo sentido de justicia social\u201d, dijo.<\/p>\n\n\n\n<p>En su mensaje, expuso que en este nuevo periodo se tiene la posibilidad de avanzar en la construcci\u00f3n de una agenda legislativa incluyente, eficiente y con un impacto real en la vida de la gente que m\u00e1s lo necesita.<\/p>\n\n\n\n<p>Cit\u00f3 temas como la atenci\u00f3n a los m\u00e1s vulnerables, la consolidaci\u00f3n de un marco jur\u00eddico moderno, la protecci\u00f3n de los derechos humanos, fortalecimiento a la educaci\u00f3n, a la salud, a la transparencia y a la participaci\u00f3n ciudadana.<\/p>\n\n\n\n<p>\u201cNo puede postergarse el cambio; exhorto a todas y todos los integrantes de esta soberan\u00eda a refrendar su compromiso con el pueblo oaxaque\u00f1o, a trabajar sin descanso, con vocaci\u00f3n de servicio y con una plena conciencia de la trascendencia de nuestra funci\u00f3n\u201d.&nbsp;<\/p>\n\n\n\n<p>Viveros Montalvo reiter\u00f3 que se requiere una Legislatura din\u00e1mica, abierta al di\u00e1logo, a las demandas sociales, que escuche a los pueblos y comunidades, a las agencias, a las colonias y en particular a nuestras comunidades ind\u00edgenas y afromexicana que esperan resultados concretos.<\/p>\n\n\n\n<p>\u201cLegislar no es una labor abstracta, significa escuchar, comprender y actuar, construir instrumentos que transformen las vidas y generen condiciones m\u00e1s dignas para quienes viven en la marginaci\u00f3n y en el abandono.<\/p>\n\n\n\n<p>\u201cEstamos para defender los intereses colectivos, para impulsar las causas justas, para hacer de este Congreso un verdadero espacio de construcci\u00f3n democr\u00e1tica\u201d, recalc\u00f3.<\/p>\n\n\n\n<p>Y abord\u00f3 tambi\u00e9n el inicio de las fiestas de la Guelaguetza, encuentro de hermandad de las ocho regiones del estado:<\/p>\n\n\n\n<p>\u201cEn Oaxaca la fiesta y la fraternidad van de la mano con el compromiso social y la responsabilidad institucional; Oaxaca es la sonrisa de M\u00e9xico y en estos tiempos esa sonrisa se vuelve comunidad, resistencia y esperanza\u201d.<\/p>\n\n\n\n<figure class=\"wp-block-embed is-type-rich is-provider-twitter wp-block-embed-twitter\"><div class=\"wp-block-embed__wrapper\">\n<div class=\"twitter-tweet\"><blockquote class=\"twitter-tweet\" data-lang=\"es\"><p lang=\"es\" dir=\"ltr\">Al iniciar el segundo periodo ordinario de sesiones del <a href=\"https:\/\/twitter.com\/CongresoOaxaca_?ref_src=twsrc%5Etfw\">@CongresoOaxaca_<\/a>, el presidente de la Junta de Coordinaci\u00f3n Pol\u00edtica, <a href=\"https:\/\/twitter.com\/BenjaViverosOax?ref_src=twsrc%5Etfw\">@BenjaViverosOax<\/a>, convoc\u00f3 al di\u00e1logo y al acuerdo, para impulsar m\u00e1s reformas y leyes que requiere el estado. <br><br>Y en el marco de las fiestas de la\u2026 <a href=\"https:\/\/t.co\/bM4D2kYFvX\">pic.twitter.com\/bM4D2kYFvX<\/a><\/p>&mdash; Zona Roja Oaxaca (@ZonaRoja_Oaxaca) <a href=\"https:\/\/twitter.com\/ZonaRoja_Oaxaca\/status\/1940162223797669915?ref_src=twsrc%5Etfw\">1 de julio de 2025<\/a><\/blockquote><\/div>\n<\/div><\/figure>\n","protected":false},"excerpt":{"rendered":"<p>Raymundo Morales\/Zona Roja. San Raymundo Jalpan, Oax., a 2 de julio de 2025.- \u201cM\u00e1s all\u00e1&hellip;<\/p>\n","protected":false},"author":2,"featured_media":81983,"comment_status":"closed","ping_status":"open","sticky":false,"template":"","format":"standard","meta":{"_lmt_disableupdate":"","_lmt_disable":"","_jetpack_memberships_contains_paid_content":false,"footnotes":""},"categories":[109,46],"tags":[3664,303],"class_list":["post-81982","post","type-post","status-publish","format-standard","has-post-thumbnail","hentry","category-minuto-a-minuto","category-zona-blanca","tag-benjamin-viveros-montalvo","tag-congreso-del-estado-de-oaxaca"],"jetpack_featured_media_url":"https:\/\/zonaroja.com.mx\/wp-content\/uploads\/2025\/07\/Benjamin-Viveros-Montalvo.jpeg","jetpack_sharing_enabled":true,"_links":{"self":[{"href":"https:\/\/zonaroja.com.mx\/index.php?rest_route=\/wp\/v2\/posts\/81982","targetHints":{"allow":["GET"]}}],"collection":[{"href":"https:\/\/zonaroja.com.mx\/index.php?rest_route=\/wp\/v2\/posts"}],"about":[{"href":"https:\/\/zonaroja.com.mx\/index.php?rest_route=\/wp\/v2\/types\/post"}],"author":[{"embeddable":true,"href":"https:\/\/zonaroja.com.mx\/index.php?rest_route=\/wp\/v2\/users\/2"}],"replies":[{"embeddable":true,"href":"https:\/\/zonaroja.com.mx\/index.php?rest_route=%2Fwp%2Fv2%2Fcomments&post=81982"}],"version-history":[{"count":2,"href":"https:\/\/zonaroja.com.mx\/index.php?rest_route=\/wp\/v2\/posts\/81982\/revisions"}],"predecessor-version":[{"id":81998,"href":"https:\/\/zonaroja.com.mx\/index.php?rest_route=\/wp\/v2\/posts\/81982\/revisions\/81998"}],"wp:featuredmedia":[{"embeddable":true,"href":"https:\/\/zonaroja.com.mx\/index.php?rest_route=\/wp\/v2\/media\/81983"}],"wp:attachment":[{"href":"https:\/\/zonaroja.com.mx\/index.php?rest_route=%2Fwp%2Fv2%2Fmedia&parent=81982"}],"wp:term":[{"taxonomy":"category","embeddable":true,"href":"https:\/\/zonaroja.com.mx\/index.php?rest_route=%2Fwp%2Fv2%2Fcategories&post=81982"},{"taxonomy":"post_tag","embeddable":true,"href":"https:\/\/zonaroja.com.mx\/index.php?rest_route=%2Fwp%2Fv2%2Ftags&post=81982"}],"curies":[{"name":"wp","href":"https:\/\/api.w.org\/{rel}","templated":true}]}}