{"id":81993,"date":"2025-07-02T14:41:00","date_gmt":"2025-07-02T20:41:00","guid":{"rendered":"https:\/\/zonaroja.com.mx\/?p=81993"},"modified":"2025-07-02T08:42:37","modified_gmt":"2025-07-02T14:42:37","slug":"opinion-ahora-vendran-por-ustedes","status":"publish","type":"post","link":"https:\/\/zonaroja.com.mx\/?p=81993","title":{"rendered":"Opini\u00f3n. Ahora vendr\u00e1n por ustedes"},"content":{"rendered":"\n<p>N\u00e9stor Y. S\u00e1nchez Islas<\/p>\n\n\n\n<p>La trascendencia de este asunto me&nbsp;recuerda&nbsp;una cita b\u00edblica que dice que: \u201cel que tenga o\u00eddos para o\u00edr, que oiga.\u201d&nbsp;Entonces, el que tenga ojos para ver, que vea. A estas alturas solo los fan\u00e1ticos no son capaces de&nbsp;ver&nbsp;el ya nada sutil cambio de r\u00e9gimen en que pasamos de una democracia liberal a un autoritarismo&nbsp;populista. Los cambios legales en las \u00faltimas semanas han colocado los clavos del ata\u00fad de la democracia y solo falta uno m\u00e1s, el ajusticiamiento del INE.<\/p>\n\n\n\n<p>El r\u00e9gimen ha alineado todas las herramientas legales, y extralegales, para eternizarse en el poder y silenciar a las voces cr\u00edticas que se atrevan a disentir. Si bien esto pone felices a los fan\u00e1ticos, tambi\u00e9n es cierto que en esta clase de reg\u00edmenes es muy f\u00e1cil&nbsp;transitar&nbsp;de&nbsp;Olimpo al infierno. Basta solo decir algo que contradiga al Supremo, para que el peso del Estado caiga sobre&nbsp;ti y tus bienes.<\/p>\n\n\n\n<p>El&nbsp;uso del&nbsp;poder y las herramientas legales a modo nos&nbsp;mostraron&nbsp;el vergonzoso caso de Gerardo Fern\u00e1ndez Noro\u00f1a quien, usando&nbsp;las herramientas del Estado a su favor, humill\u00f3 a un ciudadano&nbsp;oblig\u00e1ndolo&nbsp;a disculparse p\u00fablicamente y&nbsp;trasmitir la humillaci\u00f3n&nbsp;porTV&nbsp;en vivo. Los \u00fanicos que&nbsp;alzaron la voz en contra fueron los periodistas cr\u00edticos.<\/p>\n\n\n\n<p>En Sonora, una ama de casa lanza una cr\u00edtica en redes sociales por el nepotismo de Sergio Guti\u00e9rrez Luna y su esposa para obtener una diputaci\u00f3n. Es condenada por ello al pago de una multa, a disculparse continuamente durante 30 d\u00edas y a publicar en sus propias redes sociales la sentencia en su contra.&nbsp;Otra vez, solo la prensa cr\u00edtica alz\u00f3 la voz.<\/p>\n\n\n\n<p>En Tamaulipas, una funcionara cercana&nbsp;al gobernador es criticada por el periodista H\u00e9ctor de Maule\u00f3n y \u00e9sta lo demanda.&nbsp;Lo condenan a retirar la publicaci\u00f3n y a disculparse.<\/p>\n\n\n\n<p>En Puebla, con el pretexto del acoso digital, el&nbsp;aparato oficial&nbsp;lanza su ambigua ley de censura para poder sancionar a toda aquella voz que no hable de la felicidad de los poblanos. En Campeche, la gobernadora&nbsp;usando los recursos del gobierno&nbsp;logra condenar&nbsp;a un periodista y, como en los a\u00f1os de la inquisici\u00f3n, lo condenan a no ejercer su profesi\u00f3n por dos a\u00f1os, a disculparse y cargar un sambenito virtual que lo identifique como un transgresor.&nbsp;La gente de la calle respondi\u00f3 con su indiferencia habitual porque&nbsp;no es su problema. La prensa cr\u00edtica fue la \u00fanica que levant\u00f3 la voz.<\/p>\n\n\n\n<p>Hace unos d\u00edas se aprob\u00f3 una nueva ley para la Guardia Nacional en la que le otorgan poderes extraordinarios para investigarnos por una simple sospecha o denuncia an\u00f3nima.&nbsp;Otra vez los m\u00e9todos de la inquisici\u00f3n en el siglo XXI. &nbsp;Se aprueban una nueva ley de seguridad p\u00fablica y se le otorgan facultades discrecionales a la autoridad para&nbsp;espiarnos&nbsp;y disponer de nuestra informaci\u00f3n.<\/p>\n\n\n\n<p>La pinza se cierra con la extensi\u00f3n de la prisi\u00f3n preventiva oficiosa, esa herramienta que le permitir\u00e1 al r\u00e9gimen encarcelarte por algunos a\u00f1os sin necesidad de llevarte a juicio y condenarte. Solo la prensa, la&nbsp;que el r\u00e9gimen moteja como&nbsp;coment\u00f3cratas&nbsp;conservadores, se ha atrevido a cuestionarlo&nbsp;mientras la gente permanece&nbsp;en su habitual indiferencia&nbsp;y&nbsp;goza el linchamiento oficial contra&nbsp;la prensa.<\/p>\n\n\n\n<p>Ante una sociedad indiferente y complaciente vale la pena ahora recordar la cita de Martin&nbsp;Niem\u00f6ller, pastor luterano que en un principio fue un fiel simpatizante de los nazis hasta que se atrevi\u00f3 a criticarlos y ellos lo encarcelaron. Solo as\u00ed abri\u00f3 los ojos y&nbsp;escribi\u00f3&nbsp;una cita que hoy es memorable: \u201cPrimero vinieron por los socialistas, y guard\u00e9 silencio porque no era socialista. Luego vinieron por los sindicalistas, y no habl\u00e9 porque no era sindicalista. Luego vinieron por los jud\u00edos, y no dije nada porque no era jud\u00edo. Luego vinieron por m\u00ed, y para entonces ya no quedaba nadie que hablara en mi nombre.\u201d<\/p>\n\n\n\n<p>La erosi\u00f3n silenciosa de la libertad&nbsp;ya ni siquiera es discreta. La libertad de expresi\u00f3n,&nbsp;pilar fundamental de cualquier democracia est\u00e1 bajo asedio. No fue un ataque frontal, fue taimado como&nbsp;lo son la mayor\u00eda de los miembros de la 4T.&nbsp;La \u00fanica que ha alzado la voz es la&nbsp;debilitada&nbsp;prensa independiente.<\/p>\n\n\n\n<p>La estigmatizaci\u00f3n del periodismo cr\u00edtico&nbsp;y la indiferencia una sociedad que afirma que el 80% de ella est\u00e1 de acuerdo con el r\u00e9gimen&nbsp;son el caldo de cultivo de la polarizaci\u00f3n. La hostilidad hacia los medios est\u00e1 legitimada desde el p\u00falpito presidencial&nbsp;y desde el crimen organizado que, a veces, se&nbsp;comporta como el brazo armado de la transformaci\u00f3n para sus trabajos sucios.&nbsp;Lo m\u00e1s lacerante es la indiferencia social&nbsp;generalizada.<\/p>\n\n\n\n<p>Les tengo una mala noticia. Ahora vendr\u00e1n por ustedes y no habr\u00e1 una prensa&nbsp;libre&nbsp;para darles voz.&nbsp;El r\u00e9gimen los ahogar\u00e1 y el silencio ser\u00e1 la respuesta cuando sean v\u00edctimas&nbsp;de&nbsp;alg\u00fan abuso u omisi\u00f3n oficial.<\/p>\n\n\n\n<p>El gobierno cruz\u00f3 la l\u00ednea;&nbsp;ya empez\u00f3 a&nbsp;reprimir&nbsp;a quienes lo critican sin ser periodistas.&nbsp;El germen autoritario da su primeras&nbsp;hojitas.<\/p>\n\n\n\n<p><a href=\"mailto:nestoryuri@yahoo.com\">nestoryuri@yahoo.com<\/a><\/p>\n","protected":false},"excerpt":{"rendered":"<p>N\u00e9stor Y. S\u00e1nchez Islas La trascendencia de este asunto me&nbsp;recuerda&nbsp;una cita b\u00edblica que dice que:&hellip;<\/p>\n","protected":false},"author":2,"featured_media":67897,"comment_status":"closed","ping_status":"open","sticky":false,"template":"","format":"standard","meta":{"_lmt_disableupdate":"","_lmt_disable":"","_jetpack_memberships_contains_paid_content":false,"footnotes":""},"categories":[456,109],"tags":[3050],"class_list":["post-81993","post","type-post","status-publish","format-standard","has-post-thumbnail","hentry","category-columna","category-minuto-a-minuto","tag-nestor-yuri-sanchez"],"jetpack_featured_media_url":"https:\/\/zonaroja.com.mx\/wp-content\/uploads\/2024\/05\/Opinion-Nestor-Yuri-Sanchez.jpeg","jetpack_sharing_enabled":true,"_links":{"self":[{"href":"https:\/\/zonaroja.com.mx\/index.php?rest_route=\/wp\/v2\/posts\/81993","targetHints":{"allow":["GET"]}}],"collection":[{"href":"https:\/\/zonaroja.com.mx\/index.php?rest_route=\/wp\/v2\/posts"}],"about":[{"href":"https:\/\/zonaroja.com.mx\/index.php?rest_route=\/wp\/v2\/types\/post"}],"author":[{"embeddable":true,"href":"https:\/\/zonaroja.com.mx\/index.php?rest_route=\/wp\/v2\/users\/2"}],"replies":[{"embeddable":true,"href":"https:\/\/zonaroja.com.mx\/index.php?rest_route=%2Fwp%2Fv2%2Fcomments&post=81993"}],"version-history":[{"count":1,"href":"https:\/\/zonaroja.com.mx\/index.php?rest_route=\/wp\/v2\/posts\/81993\/revisions"}],"predecessor-version":[{"id":81994,"href":"https:\/\/zonaroja.com.mx\/index.php?rest_route=\/wp\/v2\/posts\/81993\/revisions\/81994"}],"wp:featuredmedia":[{"embeddable":true,"href":"https:\/\/zonaroja.com.mx\/index.php?rest_route=\/wp\/v2\/media\/67897"}],"wp:attachment":[{"href":"https:\/\/zonaroja.com.mx\/index.php?rest_route=%2Fwp%2Fv2%2Fmedia&parent=81993"}],"wp:term":[{"taxonomy":"category","embeddable":true,"href":"https:\/\/zonaroja.com.mx\/index.php?rest_route=%2Fwp%2Fv2%2Fcategories&post=81993"},{"taxonomy":"post_tag","embeddable":true,"href":"https:\/\/zonaroja.com.mx\/index.php?rest_route=%2Fwp%2Fv2%2Ftags&post=81993"}],"curies":[{"name":"wp","href":"https:\/\/api.w.org\/{rel}","templated":true}]}}