{"id":81995,"date":"2025-07-02T09:32:33","date_gmt":"2025-07-02T15:32:33","guid":{"rendered":"https:\/\/zonaroja.com.mx\/?p=81995"},"modified":"2025-07-02T09:32:37","modified_gmt":"2025-07-02T15:32:37","slug":"detienen-a-funcionario-de-bienestar-oaxaca-acusado-de-acoso-sexual","status":"publish","type":"post","link":"https:\/\/zonaroja.com.mx\/?p=81995","title":{"rendered":"Detienen a funcionario de Bienestar Oaxaca acusado de acoso sexual"},"content":{"rendered":"\n<p>Ismael Garc\u00eda M.\/Zona Roja.<\/p>\n\n\n\n<p>Oaxaca, Oax., a 2 de julio de 2025.- Un funcionario de la Delegaci\u00f3n Bienestar de Oaxaca fue detenido ayer en el municipio de Santiago Pinotepa Nacional acusado de acoso y abuso sexual.<\/p>\n\n\n\n<p>Se trata de Gonzalo G. S., quien hasta ayer se desempe\u00f1aba como delegado de esa instituci\u00f3n federal responsable de los programas sociales en la regi\u00f3n de la Costa.<\/p>\n\n\n\n<p>De acuerdo con fuentes oficiales, tras varias denuncias, fue detenido ayer cerca de las 17:00 horas en la calle Sexta Sur de la colonia Chico, por parte de elementos de la Agencia Estatal de Investigaciones de la Fiscal\u00eda General del Estado.<\/p>\n\n\n\n<p>De acuerdo con diversos testimonios, de manera continua el individuo abusaba de las trabajadoras de Bienestar Oaxaca, a quienes adem\u00e1s somet\u00eda a arduas jornadas de trabajo.<\/p>\n\n\n\n<p>Los se\u00f1alamientos ya hab\u00edan sido de conocimiento de la responsable de Bienestar en la entidad, Nancy Ortiz Cabrera; sin embargo, desestim\u00f3 las acusaciones y mantuvo al funcionario en el cargo.<\/p>\n\n\n\n<p>Muchas otras v\u00edctimas no se atrev\u00edan a denunciar los hechos, por temor a ser despedidas del trabajo.<\/p>\n\n\n\n<p>Seg\u00fan las versiones extraoficiales, la esposa de Gonzalo G. S. ten\u00eda conocimiento de los hechos y presuntamente lo encubri\u00f3.<\/p>\n\n\n\n<p>La Fiscal\u00eda General del Estado a\u00fan no emite informaci\u00f3n al respecto pero la aprehensi\u00f3n est\u00e1 corroborada en la plataforma del Registro Nacional de Detenciones.<\/p>\n","protected":false},"excerpt":{"rendered":"<p>Ismael Garc\u00eda M.\/Zona Roja. Oaxaca, Oax., a 2 de julio de 2025.- Un funcionario de&hellip;<\/p>\n","protected":false},"author":2,"featured_media":81996,"comment_status":"closed","ping_status":"open","sticky":false,"template":"","format":"standard","meta":{"_lmt_disableupdate":"","_lmt_disable":"","_jetpack_memberships_contains_paid_content":false,"footnotes":""},"categories":[109,47],"tags":[3165],"class_list":["post-81995","post","type-post","status-publish","format-standard","has-post-thumbnail","hentry","category-minuto-a-minuto","category-zona-gris","tag-delegacion-bienestar-oaxaca"],"jetpack_featured_media_url":"https:\/\/zonaroja.com.mx\/wp-content\/uploads\/2025\/07\/Gonzalo-G-S-Bienestar-Oaxaca-Pinotepa.jpg","jetpack_sharing_enabled":true,"_links":{"self":[{"href":"https:\/\/zonaroja.com.mx\/index.php?rest_route=\/wp\/v2\/posts\/81995","targetHints":{"allow":["GET"]}}],"collection":[{"href":"https:\/\/zonaroja.com.mx\/index.php?rest_route=\/wp\/v2\/posts"}],"about":[{"href":"https:\/\/zonaroja.com.mx\/index.php?rest_route=\/wp\/v2\/types\/post"}],"author":[{"embeddable":true,"href":"https:\/\/zonaroja.com.mx\/index.php?rest_route=\/wp\/v2\/users\/2"}],"replies":[{"embeddable":true,"href":"https:\/\/zonaroja.com.mx\/index.php?rest_route=%2Fwp%2Fv2%2Fcomments&post=81995"}],"version-history":[{"count":1,"href":"https:\/\/zonaroja.com.mx\/index.php?rest_route=\/wp\/v2\/posts\/81995\/revisions"}],"predecessor-version":[{"id":81997,"href":"https:\/\/zonaroja.com.mx\/index.php?rest_route=\/wp\/v2\/posts\/81995\/revisions\/81997"}],"wp:featuredmedia":[{"embeddable":true,"href":"https:\/\/zonaroja.com.mx\/index.php?rest_route=\/wp\/v2\/media\/81996"}],"wp:attachment":[{"href":"https:\/\/zonaroja.com.mx\/index.php?rest_route=%2Fwp%2Fv2%2Fmedia&parent=81995"}],"wp:term":[{"taxonomy":"category","embeddable":true,"href":"https:\/\/zonaroja.com.mx\/index.php?rest_route=%2Fwp%2Fv2%2Fcategories&post=81995"},{"taxonomy":"post_tag","embeddable":true,"href":"https:\/\/zonaroja.com.mx\/index.php?rest_route=%2Fwp%2Fv2%2Ftags&post=81995"}],"curies":[{"name":"wp","href":"https:\/\/api.w.org\/{rel}","templated":true}]}}