{"id":81999,"date":"2025-07-02T18:23:45","date_gmt":"2025-07-03T00:23:45","guid":{"rendered":"https:\/\/zonaroja.com.mx\/?p=81999"},"modified":"2025-07-02T18:23:47","modified_gmt":"2025-07-03T00:23:47","slug":"contradicen-a-ministro-hugo-aguilar-ministros-si-usaran-toga","status":"publish","type":"post","link":"https:\/\/zonaroja.com.mx\/?p=81999","title":{"rendered":"Contradicen a ministro Hugo Aguilar: ministros s\u00ed usar\u00e1n toga"},"content":{"rendered":"\n<p>Redacci\u00f3n\/Zona Roja Cdmx.<\/p>\n\n\n\n<p>Ciudad de M\u00e9xico, a 2 de julio de 2025.- La ministra Loretta Ortiz Ahlf revel\u00f3 que los pr\u00f3ximos integrantes de la Suprema Corte de Justicia de la Naci\u00f3n (SCJN) s\u00ed usar\u00e1n la tradicional toga durante las sesiones en el Pleno.<\/p>\n\n\n\n<p>Hugo Aguilar, quien ser\u00e1 el pr\u00f3ximo presidente de la Suprema Corte a partir del 1 de septiembre, hab\u00eda amagado con no utilizar dicho atuendo, como una de sus promesas de campa\u00f1a.<\/p>\n\n\n\n<p>Ortiz Alhf revel\u00f3 una conversaci\u00f3n que tuvo con Aguilar Ortiz recientemente, quien le confirm\u00f3 que s\u00ed utilizar\u00e1 la toga, pero con una serie de distintivos.<\/p>\n\n\n\n<p>Platiqu\u00e9 con el (pr\u00f3ximo) ministro presidente porque dije \u2018yo s\u00ed voy a usar toga\u2019, y que s\u00ed, que vamos a usar toga. S\u00ed la vamos a usar\u201d, refiri\u00f3.<\/p>\n\n\n\n<p>\u201cEn la primera reuni\u00f3n (de los pr\u00f3ximos integrantes de la Corte) que tuvimos fue uno de los temas que coment\u00e9, que yo s\u00ed voy a usar toga, o sea para m\u00ed la toga tiene un significado muy especial, una carga especial\u201d, dijo.<\/p>\n\n\n\n<p>\u201cEntonces los dem\u00e1s tambi\u00e9n se sumaron, entonces \u00e9l se va a poner una serie de distintivos en eso. Eso fue lo que acordamos\u201d, agreg\u00f3.<\/p>\n\n\n\n<p>LA POL\u00c9MICA<\/p>\n\n\n\n<p>Hugo Aguilar, pr\u00f3ximo presidente de la Corte, detall\u00f3 que no usar\u00eda la toga&nbsp;durante las sesiones en el Pleno a partir de septiembre.<\/p>\n\n\n\n<p>Indic\u00f3 que esta petici\u00f3n de no utilizar la tradicional vestimenta le fue solicitada por los pueblos ind\u00edgenas durante su campa\u00f1a.<\/p>\n\n\n\n<p>\u201cLa verdad es que es una cosa que yo recib\u00ed de manera reiterada en los pueblos: que yo no me convierta en un funcionario tradicional. Porque ya hemos tenido casos en donde personas ind\u00edgenas ocupan alg\u00fan esca\u00f1o, ocupan alg\u00fan espacio de poder y se pierden, se olvidan de sus bases\u201d, apunt\u00f3 a medios.<\/p>\n\n\n\n<p>Los senadores de Morena,&nbsp;Laura Estrada Mauro y Antonino Morales,&nbsp;junto con&nbsp;Luis Alfonso Silva Romo,&nbsp;del Partido Verde, presentaron ante la Comisi\u00f3n Permanente&nbsp;una iniciativa de ley&nbsp;que propone&nbsp;eliminar el uso obligatorio de la toga por parte de los ministros.<\/p>\n\n\n\n<p>El decreto presidencial del 8 de abril de 1941, firmado por el entonces por el entonces presidente&nbsp;Manuel \u00c1vila Camacho, establece que la toga magisterial debe ser usada por los ministros cuando acudan a las sesiones.<\/p>\n\n\n\n<p>Se indic\u00f3 que dicha vestimenta deber\u00e1 ser de \u201cseda mate negra, con cuello, vueltas y pu\u00f1os de seda brillante del mismo color\u201d.<\/p>\n\n\n\n<p>(Con informaci\u00f3n de L\u00f3pez-D\u00f3riga Digital)<\/p>\n","protected":false},"excerpt":{"rendered":"<p>Redacci\u00f3n\/Zona Roja Cdmx. Ciudad de M\u00e9xico, a 2 de julio de 2025.- La ministra Loretta&hellip;<\/p>\n","protected":false},"author":2,"featured_media":80957,"comment_status":"closed","ping_status":"open","sticky":false,"template":"","format":"standard","meta":{"_lmt_disableupdate":"","_lmt_disable":"","_jetpack_memberships_contains_paid_content":false,"footnotes":""},"categories":[109,47],"tags":[4324],"class_list":["post-81999","post","type-post","status-publish","format-standard","has-post-thumbnail","hentry","category-minuto-a-minuto","category-zona-gris","tag-hugo-aguilar-ortiz"],"jetpack_featured_media_url":"https:\/\/zonaroja.com.mx\/wp-content\/uploads\/2025\/06\/Hugo-Aguilar-Ortiz.jpg.webp","jetpack_sharing_enabled":true,"_links":{"self":[{"href":"https:\/\/zonaroja.com.mx\/index.php?rest_route=\/wp\/v2\/posts\/81999","targetHints":{"allow":["GET"]}}],"collection":[{"href":"https:\/\/zonaroja.com.mx\/index.php?rest_route=\/wp\/v2\/posts"}],"about":[{"href":"https:\/\/zonaroja.com.mx\/index.php?rest_route=\/wp\/v2\/types\/post"}],"author":[{"embeddable":true,"href":"https:\/\/zonaroja.com.mx\/index.php?rest_route=\/wp\/v2\/users\/2"}],"replies":[{"embeddable":true,"href":"https:\/\/zonaroja.com.mx\/index.php?rest_route=%2Fwp%2Fv2%2Fcomments&post=81999"}],"version-history":[{"count":1,"href":"https:\/\/zonaroja.com.mx\/index.php?rest_route=\/wp\/v2\/posts\/81999\/revisions"}],"predecessor-version":[{"id":82000,"href":"https:\/\/zonaroja.com.mx\/index.php?rest_route=\/wp\/v2\/posts\/81999\/revisions\/82000"}],"wp:featuredmedia":[{"embeddable":true,"href":"https:\/\/zonaroja.com.mx\/index.php?rest_route=\/wp\/v2\/media\/80957"}],"wp:attachment":[{"href":"https:\/\/zonaroja.com.mx\/index.php?rest_route=%2Fwp%2Fv2%2Fmedia&parent=81999"}],"wp:term":[{"taxonomy":"category","embeddable":true,"href":"https:\/\/zonaroja.com.mx\/index.php?rest_route=%2Fwp%2Fv2%2Fcategories&post=81999"},{"taxonomy":"post_tag","embeddable":true,"href":"https:\/\/zonaroja.com.mx\/index.php?rest_route=%2Fwp%2Fv2%2Ftags&post=81999"}],"curies":[{"name":"wp","href":"https:\/\/api.w.org\/{rel}","templated":true}]}}