{"id":82004,"date":"2025-07-02T21:28:29","date_gmt":"2025-07-03T03:28:29","guid":{"rendered":"https:\/\/zonaroja.com.mx\/?p=82004"},"modified":"2025-07-02T21:28:31","modified_gmt":"2025-07-03T03:28:31","slug":"rezagada-y-con-alto-costo-remodelacion-de-la-central-de-abasto-de-oaxaca","status":"publish","type":"post","link":"https:\/\/zonaroja.com.mx\/?p=82004","title":{"rendered":"Rezagada y con alto costo, remodelaci\u00f3n de la Central de Abasto de Oaxaca"},"content":{"rendered":"\n<p>Lisbeth Mej\u00eda Reyes\/Zona Roja.<\/p>\n\n\n\n<p>Oaxaca, Oax., a 2 de julio de 2025.- Adem\u00e1s del retraso de los trabajos, que empezaron en febrero de 2023 y debieron de concluirse en diciembre de ese a\u00f1o, la remodelaci\u00f3n de la zona de pan y comedores de la Central de Abasto, ciudad de Oaxaca, requiere de una inversi\u00f3n extraordinaria de 110 millones de pesos, que se sumar\u00edan a los 218 millones invertidos por el gobierno federal.&nbsp;<\/p>\n\n\n\n<p>Sin embargo, y aunque a principios de este a\u00f1o se estim\u00f3 que el avance era del 90 por ciento, el ayuntamiento capitalino se\u00f1al\u00f3 que a\u00fan faltan m\u00e1s trabajos, los cuales se extender\u00e1n un a\u00f1o m\u00e1s.<\/p>\n\n\n\n<p>\u00abCuando tomamos la administraci\u00f3n (en enero) nos comentaron que \u00fanicamente faltaban por invertir cinco millones de pesos y que se abr\u00eda antes de Guelaguetza\u00bb, explic\u00f3 este mi\u00e9rcoles el presidente municipal de Oaxaca de Ju\u00e1rez, Raymundo Chagoya Villanueva, durante la conferencia semanal que se efectu\u00f3 en la Central de Abasto.<\/p>\n\n\n\n<p>Tras un proceso de revisi\u00f3n entre el ayuntamiento y la Sedatu, y con la mediaci\u00f3n del gobierno estatal, se concluy\u00f3 que son necesarios otros 110 millones de pesos, detall\u00f3 el concejal. Asimismo, se decidi\u00f3 de manera conjunta que esta \u00faltima etapa de los trabajos estar\u00e1n a cargo del ayuntamiento capitalino.<\/p>\n\n\n\n<p>\u00abYa no queremos empresas de fuera, que no est\u00e1n comprometidas con las y los comerciantes. Es importante que nos responsabilicemos cada parte y terminar la obra\u00bb, extern\u00f3 Chagoya Villanueva.<\/p>\n\n\n\n<p>Del recurso faltante, el presidente municipal dijo que la Sedatu invertir\u00e1 m\u00e1s del 75 por ciento del costo de la remodelaci\u00f3n, por lo que ser\u00e1 el municipio el que busque c\u00f3mo solventar el resto.<\/p>\n\n\n\n<p>Al menos desde el \u00faltimo mes de 2024, las obras quedaron suspendidas, por lo que se espera retomarlas en las pr\u00f3ximas semanas.<\/p>\n\n\n\n<p>Debido a la remodelaci\u00f3n, desde febrero de 2023 permanecen reubicados temporalmente m\u00e1s de 600 comerciantes, tanto de la zona de pan y comedores como los que estaban en los l\u00edmites del \u00e1rea.<\/p>\n\n\n\n<p>MERCADO \u201cFANTASMA\u201d<\/p>\n\n\n\n<p>En la conferencia semanal, el edil capitalino tambi\u00e9n reconoci\u00f3 la necesidad de reordenar la Central e impulsar el mercado \u201cLula\u2019a\u00bb, que tambi\u00e9n se construy\u00f3 con recursos p\u00fablicos federales hace dos administraciones.<\/p>\n\n\n\n<p>De 218 locales, solamente el 10 por ciento est\u00e1 ocupado, es decir, unos 20 locales, expuso el concejal sobre este mercado que tambi\u00e9n es parte de la Central de Abasto.<\/p>\n","protected":false},"excerpt":{"rendered":"<p>Lisbeth Mej\u00eda Reyes\/Zona Roja. Oaxaca, Oax., a 2 de julio de 2025.- Adem\u00e1s del retraso&hellip;<\/p>\n","protected":false},"author":2,"featured_media":82005,"comment_status":"closed","ping_status":"open","sticky":false,"template":"","format":"standard","meta":{"_lmt_disableupdate":"","_lmt_disable":"","_jetpack_memberships_contains_paid_content":false,"footnotes":""},"categories":[109,46],"tags":[148,4142],"class_list":["post-82004","post","type-post","status-publish","format-standard","has-post-thumbnail","hentry","category-minuto-a-minuto","category-zona-blanca","tag-oaxaca-de-juarez","tag-raymundo-chagoya"],"jetpack_featured_media_url":"https:\/\/zonaroja.com.mx\/wp-content\/uploads\/2025\/07\/Conferencia-Mercado-de-Abasto-Raymundo-Chagoya.jpeg","jetpack_sharing_enabled":true,"_links":{"self":[{"href":"https:\/\/zonaroja.com.mx\/index.php?rest_route=\/wp\/v2\/posts\/82004","targetHints":{"allow":["GET"]}}],"collection":[{"href":"https:\/\/zonaroja.com.mx\/index.php?rest_route=\/wp\/v2\/posts"}],"about":[{"href":"https:\/\/zonaroja.com.mx\/index.php?rest_route=\/wp\/v2\/types\/post"}],"author":[{"embeddable":true,"href":"https:\/\/zonaroja.com.mx\/index.php?rest_route=\/wp\/v2\/users\/2"}],"replies":[{"embeddable":true,"href":"https:\/\/zonaroja.com.mx\/index.php?rest_route=%2Fwp%2Fv2%2Fcomments&post=82004"}],"version-history":[{"count":1,"href":"https:\/\/zonaroja.com.mx\/index.php?rest_route=\/wp\/v2\/posts\/82004\/revisions"}],"predecessor-version":[{"id":82006,"href":"https:\/\/zonaroja.com.mx\/index.php?rest_route=\/wp\/v2\/posts\/82004\/revisions\/82006"}],"wp:featuredmedia":[{"embeddable":true,"href":"https:\/\/zonaroja.com.mx\/index.php?rest_route=\/wp\/v2\/media\/82005"}],"wp:attachment":[{"href":"https:\/\/zonaroja.com.mx\/index.php?rest_route=%2Fwp%2Fv2%2Fmedia&parent=82004"}],"wp:term":[{"taxonomy":"category","embeddable":true,"href":"https:\/\/zonaroja.com.mx\/index.php?rest_route=%2Fwp%2Fv2%2Fcategories&post=82004"},{"taxonomy":"post_tag","embeddable":true,"href":"https:\/\/zonaroja.com.mx\/index.php?rest_route=%2Fwp%2Fv2%2Ftags&post=82004"}],"curies":[{"name":"wp","href":"https:\/\/api.w.org\/{rel}","templated":true}]}}