{"id":82007,"date":"2025-07-03T07:15:00","date_gmt":"2025-07-03T13:15:00","guid":{"rendered":"https:\/\/zonaroja.com.mx\/?p=82007"},"modified":"2025-07-03T06:31:27","modified_gmt":"2025-07-03T12:31:27","slug":"comision-de-investigacion-sobre-covid-19-critica-designacion-de-gatell","status":"publish","type":"post","link":"https:\/\/zonaroja.com.mx\/?p=82007","title":{"rendered":"Comisi\u00f3n de investigaci\u00f3n sobre Covid-19 critica designaci\u00f3n de Gatell"},"content":{"rendered":"\n<p>Redacci\u00f3n\/Zona Roja Cdmx.<\/p>\n\n\n\n<p>Ciudad de M\u00e9xico, a 3 de julio de 2025.- Los integrantes de la Comisi\u00f3n Independiente de Investigaci\u00f3n sobre la Pandemia de Covid-19 en M\u00e9xico, expresaron su \u201cprofunda preocupaci\u00f3n\u201d por el nombramiento de Hugo L\u00f3pez-Gatell&nbsp;como representante de M\u00e9xico ante la Organizaci\u00f3n Mundial de la Salud (OMS).<\/p>\n\n\n\n<p>Por medio de una misiva, los miembros de dicha Comisi\u00f3n calificaron el nombramiento como inaudito, ya que dicho cargo es inexistente dentro el esquema formal de representaci\u00f3n diplom\u00e1tica de M\u00e9xico en el exterior.<\/p>\n\n\n\n<p>Adem\u00e1s, apuntaron que su labor de investigaci\u00f3n permiti\u00f3 documentar graves omisiones y decisiones que contribuyeron a que M\u00e9xico registrara, seg\u00fan las cifras de la propia OMS, el cuarto nivel m\u00e1s alto de exceso de mortalidad en el mundo, con m\u00e1s de 808 mil muertes en exceso.<\/p>\n\n\n\n<p>El n\u00famero m\u00e1s alto de muertes de personal m\u00e9dico en el continente americano; 44 por ciento de mortalidad hospitalaria; m\u00e1s de 215 mil ni\u00f1os en situaci\u00f3n de orfandad, por la p\u00e9rdida de su padre o madre; as\u00ed como profundas repercusiones en \u00e1mbitos como la educaci\u00f3n, la econom\u00eda y la salud mental.<\/p>\n\n\n\n<p>\u201cEste nombramiento ocurre sin que las autoridades responsables hayan ofrecido al p\u00fablico an\u00e1lisis ni explicaciones sobre las fallas que contribuyeron a estas cifras inaceptables \u2014incluyendo, por ejemplo, el uso de datos falsos o err\u00f3neos para determinar el color del sem\u00e1foro epidemiol\u00f3gico durante el pico de contagios en la Ciudad de M\u00e9xico\u2014\u201d, sostuvieron.<\/p>\n\n\n\n<p>\u201cPor respeto a las v\u00edctimas, la relaci\u00f3n de M\u00e9xico con la OMS no puede quedar en manos de funcionarios directamente responsables de que, en la mayor crisis sanitaria en un siglo, la respuesta gubernamental se apartara de forma sostenida, profunda y sistem\u00e1tica de las recomendaciones de dicha instituci\u00f3n\u201d, enfatizaron.<\/p>\n\n\n\n<p>Se argument\u00f3 que lejos de estar guiada por la precauci\u00f3n, la ciencia y la verdad, la respuesta oficial ante la pandemia de Covid-19, \u201cse caracteriz\u00f3 por la negaci\u00f3n persistente del riesgo, la reiteraci\u00f3n de errores, el menosprecio hacia la comunidad cient\u00edfica y la transferencia de toda responsabilidad a las personas enfermas\u201d.<\/p>\n\n\n\n<p>\u201cEl manejo pol\u00edtico de las percepciones se puso por encima de las normas de la OMS, la evidencia y la vida misma\u201d, lanzaron.<\/p>\n\n\n\n<p>Los miembros de la Comisi\u00f3n Independiente de Investigaci\u00f3n sobre la Pandemia de Covid-19 en M\u00e9xico se\u00f1alaron que con este nombramiento de L\u00f3pez-Gatell ante la OMS \u201cno solo se ignoran las lecciones de la pandemia: se env\u00eda una se\u00f1al alarmante sobre la falta de compromiso del Estado mexicano con los est\u00e1ndares internacionales de salud p\u00fablica y con el derecho a la verdad de las v\u00edctimas\u201d.<\/p>\n\n\n\n<p>(Con informaci\u00f3n de L\u00f3pez-D\u00f3riga Digital)<\/p>\n","protected":false},"excerpt":{"rendered":"<p>Redacci\u00f3n\/Zona Roja Cdmx. Ciudad de M\u00e9xico, a 3 de julio de 2025.- Los integrantes de&hellip;<\/p>\n","protected":false},"author":2,"featured_media":82008,"comment_status":"closed","ping_status":"open","sticky":false,"template":"","format":"standard","meta":{"_lmt_disableupdate":"","_lmt_disable":"","_jetpack_memberships_contains_paid_content":false,"footnotes":""},"categories":[109,47],"tags":[3669,1874],"class_list":["post-82007","post","type-post","status-publish","format-standard","has-post-thumbnail","hentry","category-minuto-a-minuto","category-zona-gris","tag-covid-19","tag-hugo-lopez-gatell"],"jetpack_featured_media_url":"https:\/\/zonaroja.com.mx\/wp-content\/uploads\/2025\/07\/Hugo-Lopez-Gatell.jpeg","jetpack_sharing_enabled":true,"_links":{"self":[{"href":"https:\/\/zonaroja.com.mx\/index.php?rest_route=\/wp\/v2\/posts\/82007","targetHints":{"allow":["GET"]}}],"collection":[{"href":"https:\/\/zonaroja.com.mx\/index.php?rest_route=\/wp\/v2\/posts"}],"about":[{"href":"https:\/\/zonaroja.com.mx\/index.php?rest_route=\/wp\/v2\/types\/post"}],"author":[{"embeddable":true,"href":"https:\/\/zonaroja.com.mx\/index.php?rest_route=\/wp\/v2\/users\/2"}],"replies":[{"embeddable":true,"href":"https:\/\/zonaroja.com.mx\/index.php?rest_route=%2Fwp%2Fv2%2Fcomments&post=82007"}],"version-history":[{"count":1,"href":"https:\/\/zonaroja.com.mx\/index.php?rest_route=\/wp\/v2\/posts\/82007\/revisions"}],"predecessor-version":[{"id":82009,"href":"https:\/\/zonaroja.com.mx\/index.php?rest_route=\/wp\/v2\/posts\/82007\/revisions\/82009"}],"wp:featuredmedia":[{"embeddable":true,"href":"https:\/\/zonaroja.com.mx\/index.php?rest_route=\/wp\/v2\/media\/82008"}],"wp:attachment":[{"href":"https:\/\/zonaroja.com.mx\/index.php?rest_route=%2Fwp%2Fv2%2Fmedia&parent=82007"}],"wp:term":[{"taxonomy":"category","embeddable":true,"href":"https:\/\/zonaroja.com.mx\/index.php?rest_route=%2Fwp%2Fv2%2Fcategories&post=82007"},{"taxonomy":"post_tag","embeddable":true,"href":"https:\/\/zonaroja.com.mx\/index.php?rest_route=%2Fwp%2Fv2%2Ftags&post=82007"}],"curies":[{"name":"wp","href":"https:\/\/api.w.org\/{rel}","templated":true}]}}