{"id":82010,"date":"2025-07-03T08:15:00","date_gmt":"2025-07-03T14:15:00","guid":{"rendered":"https:\/\/zonaroja.com.mx\/?p=82010"},"modified":"2025-07-03T07:08:01","modified_gmt":"2025-07-03T13:08:01","slug":"detienen-a-otro-presunto-lider-criminal-en-la-region-del-istmo-2","status":"publish","type":"post","link":"https:\/\/zonaroja.com.mx\/?p=82010","title":{"rendered":"Detienen a otro presunto l\u00edder criminal en la regi\u00f3n del Istmo"},"content":{"rendered":"\n<p>Redacci\u00f3n\/Zona Roja.&nbsp;<\/p>\n\n\n\n<p>Oaxaca, Oax., a 2 de julio de 2025.- M. R. S. N., alias \u201cEl Marian\u00edn\u201d, presunto integrante del primer c\u00edrculo del grupo delictivo del \u201cComandante Cromo\u201d, fue detenido por la Fiscal\u00eda General del Estado de Oaxaca, acusado del delito de homicidio.<\/p>\n\n\n\n<p>En un comunicado, la instituci\u00f3n dio a conocer que ello fue resultado de la Operaci\u00f3n \u201cSable\u201d, que despliega en conjunto con fuerzas federales y estatales y que en este a\u00f1o ha dado como resultado la aprehensi\u00f3n de m\u00e1s de 65 personas.<\/p>\n\n\n\n<p>De acuerdo con la carpeta de investigaci\u00f3n, los hechos que se le imputan ocurrieron el 8 de abril de 2025, cuando la v\u00edctima identificada como A.G.M., era perseguido por un grupo de personas armadas, en inmediaciones de la calle Valent\u00edn G\u00f3mez Farias, en la poblaci\u00f3n de La Venta, jurisdicci\u00f3n de Juchit\u00e1n De Zaragoza.<\/p>\n\n\n\n<p>La investigaci\u00f3n revela que, en el lugar, la v\u00edctima fue agredida con disparos de arma de fuego, resultando con lesiones en diversas partes del cuerpo, a consecuencia de las cuales perdi\u00f3 la vida.<\/p>\n\n\n\n<p>La Fiscal\u00eda de Oaxaca tom\u00f3 conocimiento para iniciar las labores ministeriales, por los cuales se llevaron a cabo acciones directas en las que se logr\u00f3 ejecutar la orden de aprehensi\u00f3n correspondiente por el delito de homicidio calificado con ventaja, lo cual permiti\u00f3 la detenci\u00f3n de M.R.S.N., alias \u201cEl Marian\u00edn\u201d, capturado en el municipio de Juchit\u00e1n de Zaragoza.&nbsp;<\/p>\n\n\n\n<p>Luego de hacer un estudio de an\u00e1lisis y contexto sobre las actividades de M.R.S.N., alias \u201cEl Marian\u00edn\u201d, la Fiscal\u00eda de Oaxaca estableci\u00f3 que el detenido estar\u00eda vinculado directamente al primer c\u00edrculo de confianza dentro de la estructura criminal de la c\u00e9lula delictiva del \u201cComandante Cromo\u201d, una de las principales generadoras de violencia en la regi\u00f3n del Istmo.<\/p>\n\n\n\n<p>Mientras que, en diferentes operativos para desarticular esta c\u00e9lula delictiva, se ha logrado la detenci\u00f3n de&nbsp; A.M.L., alias \u201cEl Wer\u00edn\u201d (Detenido el 24\/04\/2024); R.M.S., alias \u201cBalatas\u201d (Detenido el 31\/07\/20249); M.A.T.M.,&nbsp; alias \u201cHenry\u201d, que era chofer y escolta personal del \u201cComandante Cromo\u201d (Detenido el 03\/11\/2024); y J.F.C.O., probable sicario de esta organizaci\u00f3n (detenido 31\/03\/2025).<\/p>\n\n\n\n<p>Tambi\u00e9n P.A.T.V., alias \u201cEl Tonche\u201d quien ser\u00eda parte de la segunda l\u00ednea de mando dentro de la estructura criminal de la banda del \u201cComandante Cromo\u201d; A.S.T., alias \u201cNa Shio Ter\u00e1n\u201d madre del comandante \u00abCromo\u00bb (Detenida en abril de 2024), as\u00ed como C.I.S.S. y T.S.M., hermana y padre del \u201cComandante Cromo\u201d (Detenidos en junio de 2025).<\/p>\n\n\n\n<p>Adem\u00e1s de N.J.J.C., alias \u201cChico Bala\u201d; J.A.S.S., alias \u201cChuy\u201d; B.A.C.S., alias \u201cPapaya\u201d y C.E.BC., alias \u201cCachorro\u201d (detenidos el 18\/06\/25) en distintas zonas de la ciudad de Juchit\u00e1n.<\/p>\n\n\n\n<p>\u201cEste tipo de acciones conjuntas en las que participa la Fiscal\u00eda General del Estado de Oaxaca que est\u00e1n coordinadas a trav\u00e9s de la Operaci\u00f3n \u2018Sable\u2019, tienen como objetivo el combate al fen\u00f3meno delictivo en la regi\u00f3n del Istmo de Tehuantepec, logrando la captura de m\u00e1s de 65 personas desde su implementaci\u00f3n.<\/p>\n\n\n\n<figure class=\"wp-block-image size-full\"><img decoding=\"async\" width=\"800\" height=\"465\" src=\"https:\/\/zonaroja.com.mx\/wp-content\/uploads\/2025\/07\/Diseno-sin-titulo.jpg\" alt=\"\" class=\"wp-image-82011\" srcset=\"https:\/\/zonaroja.com.mx\/wp-content\/uploads\/2025\/07\/Diseno-sin-titulo.jpg 800w, https:\/\/zonaroja.com.mx\/wp-content\/uploads\/2025\/07\/Diseno-sin-titulo-300x174.jpg 300w, https:\/\/zonaroja.com.mx\/wp-content\/uploads\/2025\/07\/Diseno-sin-titulo-768x446.jpg 768w, https:\/\/zonaroja.com.mx\/wp-content\/uploads\/2025\/07\/Diseno-sin-titulo-585x340.jpg 585w\" sizes=\"(max-width: 800px) 100vw, 800px\" \/><figcaption class=\"wp-element-caption\">Dise\u00f1o sin t\u00edtulo &#8211; 1<\/figcaption><\/figure>\n\n\n\n<p>ROB\u00d3 MILES DE ZAPATOS<\/p>\n\n\n\n<p>Por otra parte, la Fiscal\u00eda General inform\u00f3 la detenci\u00f3n de una persona del sexo masculino identificado como J.A.G.V., por el delito de Robo Calificado con Violencia Moral a las Personas, en agravio de la v\u00edctima identificada como A.B.H.L.R., en hechos ocurridos en la regi\u00f3n de la Costa.<\/p>\n\n\n\n<p>De acuerdo con lo establecido en el expediente penal, los hechos que se le imputan, derivan de la denuncia realizada por la v\u00edctima, quien refiere que el 18 de septiembre de 2024, personas aparentemente armadas ingresaron a un local comercial ubicado en avenida Oaxaca, jurisdicci\u00f3n de Puerto Escondido, donde la amenazaron para desalojar el inmueble justificando que no ten\u00eda permiso, ante las amenazas, la v\u00edctima decidi\u00f3 retirarse, dejando su mercanc\u00eda en el lugar de donde se llevaron m\u00e1s de tres mil 600 pares de zapatos.<\/p>\n\n\n\n<p>Ante los hechos, la v\u00edctima present\u00f3 la denuncia gracias a la cual intervino la Fiscal\u00eda de Oaxaca, a trav\u00e9s de la Vicefiscal\u00eda Regional de la Costa, que inici\u00f3 las indagatorias, lo que permiti\u00f3 presentar ante el Juez elementos suficientes por los cuales se concedi\u00f3 una orden de aprehensi\u00f3n en contra de J.A.G.V., quien fue detenido por elementos de la Agencia Estatal de Investigaciones (AEI) sobre la calle Segunda Poniente en Puerto Escondido, perteneciente al municipio de San Pedro Mixtepec.&nbsp;<\/p>\n\n\n\n<p>Tras la detenci\u00f3n, J.A.G.V.,&nbsp;fue puesto a disposici\u00f3n de la autoridad ministerial correspondiente para resolver su situaci\u00f3n legal.<\/p>\n","protected":false},"excerpt":{"rendered":"<p>Redacci\u00f3n\/Zona Roja.&nbsp; Oaxaca, Oax., a 2 de julio de 2025.- M. R. S. N., alias&hellip;<\/p>\n","protected":false},"author":2,"featured_media":82012,"comment_status":"closed","ping_status":"open","sticky":false,"template":"","format":"standard","meta":{"_lmt_disableupdate":"","_lmt_disable":"","_jetpack_memberships_contains_paid_content":false,"footnotes":""},"categories":[109,46],"tags":[494],"class_list":["post-82010","post","type-post","status-publish","format-standard","has-post-thumbnail","hentry","category-minuto-a-minuto","category-zona-blanca","tag-fiscalia-general-del-estado-de-oaxaca"],"jetpack_featured_media_url":"https:\/\/zonaroja.com.mx\/wp-content\/uploads\/2025\/07\/DEtenido-Marianin-Juchitan-Comandante-Cromo-Fiscalia.jpg","jetpack_sharing_enabled":true,"_links":{"self":[{"href":"https:\/\/zonaroja.com.mx\/index.php?rest_route=\/wp\/v2\/posts\/82010","targetHints":{"allow":["GET"]}}],"collection":[{"href":"https:\/\/zonaroja.com.mx\/index.php?rest_route=\/wp\/v2\/posts"}],"about":[{"href":"https:\/\/zonaroja.com.mx\/index.php?rest_route=\/wp\/v2\/types\/post"}],"author":[{"embeddable":true,"href":"https:\/\/zonaroja.com.mx\/index.php?rest_route=\/wp\/v2\/users\/2"}],"replies":[{"embeddable":true,"href":"https:\/\/zonaroja.com.mx\/index.php?rest_route=%2Fwp%2Fv2%2Fcomments&post=82010"}],"version-history":[{"count":1,"href":"https:\/\/zonaroja.com.mx\/index.php?rest_route=\/wp\/v2\/posts\/82010\/revisions"}],"predecessor-version":[{"id":82013,"href":"https:\/\/zonaroja.com.mx\/index.php?rest_route=\/wp\/v2\/posts\/82010\/revisions\/82013"}],"wp:featuredmedia":[{"embeddable":true,"href":"https:\/\/zonaroja.com.mx\/index.php?rest_route=\/wp\/v2\/media\/82012"}],"wp:attachment":[{"href":"https:\/\/zonaroja.com.mx\/index.php?rest_route=%2Fwp%2Fv2%2Fmedia&parent=82010"}],"wp:term":[{"taxonomy":"category","embeddable":true,"href":"https:\/\/zonaroja.com.mx\/index.php?rest_route=%2Fwp%2Fv2%2Fcategories&post=82010"},{"taxonomy":"post_tag","embeddable":true,"href":"https:\/\/zonaroja.com.mx\/index.php?rest_route=%2Fwp%2Fv2%2Ftags&post=82010"}],"curies":[{"name":"wp","href":"https:\/\/api.w.org\/{rel}","templated":true}]}}