{"id":82020,"date":"2025-07-03T11:15:00","date_gmt":"2025-07-03T17:15:00","guid":{"rendered":"https:\/\/zonaroja.com.mx\/?p=82020"},"modified":"2025-07-03T07:50:56","modified_gmt":"2025-07-03T13:50:56","slug":"detienen-en-chiapas-a-7-policias-senalados-de-narcomenudistas","status":"publish","type":"post","link":"https:\/\/zonaroja.com.mx\/?p=82020","title":{"rendered":"Detienen en Chiapas a 7 polic\u00edas se\u00f1alados de \u201cnarcomenudistas\u201d"},"content":{"rendered":"\n<p>Redacci\u00f3n\/Zona Roja Cdmx.<\/p>\n\n\n\n<p>Ciudad de M\u00e9xico, a 3 de julio de 2025.- Siete polic\u00edas municipales de Frontera Comalapa, Chiapas, fueron detenidos bajo la acusaci\u00f3n de delitos contra la salud.<\/p>\n\n\n\n<p>Fueron identificados con los nombre de Misael \u201cN\u201d, Juan \u201cN\u201d, Samuel \u201cN\u201d, Hugo \u201cN\u201d, \u00d3scar \u201cN\u201d, Roberto \u201cN\u201d y Jacqueline \u201cN\u201d, mismos que fueron denunciados por dedicarse a la venta y distribuci\u00f3n de presuntos narc\u00f3ticos.<\/p>\n\n\n\n<p>En la detenci\u00f3n se les aseguraron 46 dosis con una sustancia granulada y cristalina, con las caracter\u00edsticas del cristal o metanfetamina; 23 bolsitas conteniendo hierba verde y seca con las caracter\u00edsticas de la marihuana.<\/p>\n\n\n\n<p>Los detenidos y objetos como comprobaci\u00f3n del il\u00edcito, quedaron a disposici\u00f3n de las autoridades correspondientes para determinar su situaci\u00f3n jur\u00eddica por los delitos que resulten.<\/p>\n\n\n\n<p>Cabe destacar, que los elementos policiales municipales presuntamente se encuentran relacionados con una carpeta de investigaci\u00f3n.<\/p>\n\n\n\n<p>El operativo fue efectuado por la Secretar\u00eda de Seguridad del Pueblo (SSP) a trav\u00e9s de la Fuerza de Reacci\u00f3n Inmediata Pakal (FRIP) y la Guardia Estatal Preventiva, en coordinaci\u00f3n con la Agencia de Investigaci\u00f3n e Inteligencia Ministerial (AIIM) de la Fiscal\u00eda General del Estado (FGE) y la Secretar\u00eda de Seguridad y Protecci\u00f3n Ciudadana (SSPC) del Gobierno Federal.<\/p>\n","protected":false},"excerpt":{"rendered":"<p>Redacci\u00f3n\/Zona Roja Cdmx. Ciudad de M\u00e9xico, a 3 de julio de 2025.- Siete polic\u00edas municipales&hellip;<\/p>\n","protected":false},"author":2,"featured_media":82021,"comment_status":"closed","ping_status":"open","sticky":false,"template":"","format":"standard","meta":{"_lmt_disableupdate":"","_lmt_disable":"","_jetpack_memberships_contains_paid_content":false,"footnotes":""},"categories":[109,47],"tags":[4154],"class_list":["post-82020","post","type-post","status-publish","format-standard","has-post-thumbnail","hentry","category-minuto-a-minuto","category-zona-gris","tag-frontera-comalapa-chiapas"],"jetpack_featured_media_url":"https:\/\/zonaroja.com.mx\/wp-content\/uploads\/2025\/07\/Policias-Chiapas-drogas-Frontera-Comalapa.jpeg","jetpack_sharing_enabled":true,"_links":{"self":[{"href":"https:\/\/zonaroja.com.mx\/index.php?rest_route=\/wp\/v2\/posts\/82020","targetHints":{"allow":["GET"]}}],"collection":[{"href":"https:\/\/zonaroja.com.mx\/index.php?rest_route=\/wp\/v2\/posts"}],"about":[{"href":"https:\/\/zonaroja.com.mx\/index.php?rest_route=\/wp\/v2\/types\/post"}],"author":[{"embeddable":true,"href":"https:\/\/zonaroja.com.mx\/index.php?rest_route=\/wp\/v2\/users\/2"}],"replies":[{"embeddable":true,"href":"https:\/\/zonaroja.com.mx\/index.php?rest_route=%2Fwp%2Fv2%2Fcomments&post=82020"}],"version-history":[{"count":1,"href":"https:\/\/zonaroja.com.mx\/index.php?rest_route=\/wp\/v2\/posts\/82020\/revisions"}],"predecessor-version":[{"id":82022,"href":"https:\/\/zonaroja.com.mx\/index.php?rest_route=\/wp\/v2\/posts\/82020\/revisions\/82022"}],"wp:featuredmedia":[{"embeddable":true,"href":"https:\/\/zonaroja.com.mx\/index.php?rest_route=\/wp\/v2\/media\/82021"}],"wp:attachment":[{"href":"https:\/\/zonaroja.com.mx\/index.php?rest_route=%2Fwp%2Fv2%2Fmedia&parent=82020"}],"wp:term":[{"taxonomy":"category","embeddable":true,"href":"https:\/\/zonaroja.com.mx\/index.php?rest_route=%2Fwp%2Fv2%2Fcategories&post=82020"},{"taxonomy":"post_tag","embeddable":true,"href":"https:\/\/zonaroja.com.mx\/index.php?rest_route=%2Fwp%2Fv2%2Ftags&post=82020"}],"curies":[{"name":"wp","href":"https:\/\/api.w.org\/{rel}","templated":true}]}}