{"id":82027,"date":"2025-07-03T16:46:21","date_gmt":"2025-07-03T22:46:21","guid":{"rendered":"https:\/\/zonaroja.com.mx\/?p=82027"},"modified":"2025-07-03T16:53:06","modified_gmt":"2025-07-03T22:53:06","slug":"el-mult-insiste-en-justicia-por-asesinatos-de-mujeres-triquis","status":"publish","type":"post","link":"https:\/\/zonaroja.com.mx\/?p=82027","title":{"rendered":"El MULT insiste en justicia por asesinatos de mujeres triquis"},"content":{"rendered":"\n<p>Lisbeth Mej\u00eda Reyes\/Zona Roja.<\/p>\n\n\n\n<p>Oaxaca, Oax., a 3 de julio de 2025.- Ante lo que consideran falta de compromiso de la Secretar\u00eda de Gobernaci\u00f3n federal y de informaci\u00f3n por parte de la Fiscal\u00eda General de Oaxaca, sobre las investigaciones de los asesinatos y desapariciones de cuatro mujeres triquis, el Movimiento de Unificaci\u00f3n y Lucha Triqui (MULT) realizar\u00e1 un mitin este 5 de julio frente al Palacio de Gobierno, en la ciudad de Oaxaca.<\/p>\n\n\n\n<p>Con esta protesta, el MULT exige justicia por las hermanas y defensoras de derechos humanos Virginia y Adriana Ortiz Garc\u00eda, asesinadas hace nueve meses en la capital oaxaque\u00f1a, y por las hermanas Daniela y Virginia Ortiz Ram\u00edrez, quienes desaparecieron hace 18 a\u00f1os, el 5 de julio de 2008, en la regi\u00f3n mixteca.<\/p>\n\n\n\n<p>De acuerdo con el MULT, en la \u00faltima reuni\u00f3n, la Secretar\u00eda de Gobernaci\u00f3n se hab\u00eda comprometido a convocar al fiscal Bernardo Rodr\u00edguez Alamilla para que informara de los avances. Sin embargo, \u00abhasta el momento no hay fecha, lugar ni hora para la convocatoria\u00bb, por lo cual emplaz\u00f3 al gobierno estatal y al federal para que se coordinen y se esclarezca pronto estos cr\u00edmenes.<\/p>\n\n\n\n<p>Seg\u00fan el comunicado sobre el mitin, a la fecha la Fiscal\u00eda General del Estado no ha presentado avances significativos en ninguno de los casos de las cuatro mujeres triquis, \u00ablo que preocupa a los familiares y a nuestra organizaci\u00f3n, a pesar de los se\u00f1alamientos puntuales hacia los culpables\u00bb.<\/p>\n\n\n\n<p>Adriana y Virginia fueron asesinadas por a balazos la noche del martes 5 de noviembre en la colonia el centro de la ciudad de Oaxaca. D\u00edas despu\u00e9s, la Fiscal\u00eda General del Estado de Oaxaca se\u00f1al\u00f3 que hab\u00eda detenido a dos presuntos responsables y posteriormente report\u00f3 la aprehensi\u00f3n de un tercer implicado.<\/p>\n\n\n\n<p>Sin embargo, el MULT ha se\u00f1alado como responsable del crimen al Movimiento de Unificaci\u00f3n y Lucha Triqui Independiente (MULTI).<\/p>\n\n\n\n<p>Por este asesinato, la presidenta Claudia Sheinbaum extern\u00f3 p\u00fablicamente sus condolencias. Adem\u00e1s de que la Comisi\u00f3n Nacional de Derechos Humanos tambi\u00e9n exhort\u00f3 a las autoridades de Oaxaca para esclarecer los dos presuntos feminicidios de las hermanas.<\/p>\n\n\n\n<p>En 2024, seg\u00fan datos del Grupo de Estudios sobre la Mujer Rosario Castellanos (GES Mujer), en el estado fueron asesinadas 95 mujeres. En lo que va del 2025, se han registrado al menos 41 mujeres v\u00edctimas de probables feminicidios.<\/p>\n","protected":false},"excerpt":{"rendered":"<p>Lisbeth Mej\u00eda Reyes\/Zona Roja. Oaxaca, Oax., a 3 de julio de 2025.- Ante lo que&hellip;<\/p>\n","protected":false},"author":2,"featured_media":69343,"comment_status":"closed","ping_status":"open","sticky":false,"template":"","format":"standard","meta":{"_lmt_disableupdate":"","_lmt_disable":"","_jetpack_memberships_contains_paid_content":false,"footnotes":""},"categories":[109,47],"tags":[867],"class_list":["post-82027","post","type-post","status-publish","format-standard","has-post-thumbnail","hentry","category-minuto-a-minuto","category-zona-gris","tag-movimiento-unificador-de-lucha-triqui-mult"],"jetpack_featured_media_url":"https:\/\/zonaroja.com.mx\/wp-content\/uploads\/2024\/06\/MULT-Movimiento-de-Unificacion-y-Lucha-triqui.jpg","jetpack_sharing_enabled":true,"_links":{"self":[{"href":"https:\/\/zonaroja.com.mx\/index.php?rest_route=\/wp\/v2\/posts\/82027","targetHints":{"allow":["GET"]}}],"collection":[{"href":"https:\/\/zonaroja.com.mx\/index.php?rest_route=\/wp\/v2\/posts"}],"about":[{"href":"https:\/\/zonaroja.com.mx\/index.php?rest_route=\/wp\/v2\/types\/post"}],"author":[{"embeddable":true,"href":"https:\/\/zonaroja.com.mx\/index.php?rest_route=\/wp\/v2\/users\/2"}],"replies":[{"embeddable":true,"href":"https:\/\/zonaroja.com.mx\/index.php?rest_route=%2Fwp%2Fv2%2Fcomments&post=82027"}],"version-history":[{"count":2,"href":"https:\/\/zonaroja.com.mx\/index.php?rest_route=\/wp\/v2\/posts\/82027\/revisions"}],"predecessor-version":[{"id":82030,"href":"https:\/\/zonaroja.com.mx\/index.php?rest_route=\/wp\/v2\/posts\/82027\/revisions\/82030"}],"wp:featuredmedia":[{"embeddable":true,"href":"https:\/\/zonaroja.com.mx\/index.php?rest_route=\/wp\/v2\/media\/69343"}],"wp:attachment":[{"href":"https:\/\/zonaroja.com.mx\/index.php?rest_route=%2Fwp%2Fv2%2Fmedia&parent=82027"}],"wp:term":[{"taxonomy":"category","embeddable":true,"href":"https:\/\/zonaroja.com.mx\/index.php?rest_route=%2Fwp%2Fv2%2Fcategories&post=82027"},{"taxonomy":"post_tag","embeddable":true,"href":"https:\/\/zonaroja.com.mx\/index.php?rest_route=%2Fwp%2Fv2%2Ftags&post=82027"}],"curies":[{"name":"wp","href":"https:\/\/api.w.org\/{rel}","templated":true}]}}