{"id":82031,"date":"2025-07-03T18:40:43","date_gmt":"2025-07-04T00:40:43","guid":{"rendered":"https:\/\/zonaroja.com.mx\/?p=82031"},"modified":"2025-07-03T18:40:46","modified_gmt":"2025-07-04T00:40:46","slug":"los-morenistas-que-rechazaban-ley-espia-de-pena-nieto-pero-avalaron-la-de-amlo","status":"publish","type":"post","link":"https:\/\/zonaroja.com.mx\/?p=82031","title":{"rendered":"Los morenistas que rechazaban \u2018ley esp\u00eda\u2019 de Pe\u00f1a Nieto, pero avalaron la de AMLO"},"content":{"rendered":"\n<p>Redacci\u00f3n\/Zona Roja Cdmx.<\/p>\n\n\n\n<p>Ciudad de M\u00e9xico, a 3 de julio de 2025.- Pese a los intentos de la oposici\u00f3n por detener la Ley de Telecomunicaciones, Morena y sus aliados se impusieron y avalaron la geolocalizaci\u00f3n en tiempo real.<\/p>\n\n\n\n<p>Lo m\u00e1s contradictorio es que algunos morenistas pensaban muy diferente hace 11 a\u00f1os, cuando se discut\u00eda la reforma de Telecomunicaciones envida por el entonces presidente Enrique Pe\u00f1a Nieto.<\/p>\n\n\n\n<p>Se trata de los l\u00edderes parlamentarios, Ricardo Monreal, diputado de Morena y coordinador de la Junta de Coordinaci\u00f3n Pol\u00edtica (Jucopo), y Ad\u00e1n Augusto L\u00f3pez, coordinador parlamentario de Morena en el Senado, quienes en 2014 no ve\u00edan con buenos ojos la \u201cgeolocalizaci\u00f3n\u201d.<\/p>\n\n\n\n<p>Incluso, la propia Luisa Mar\u00eda Alcalde se pronunci\u00f3 en contra de la legislaci\u00f3n calific\u00e1ndola como intrusiva.<\/p>\n\n\n\n<p>RICARDO MONREAL<\/p>\n\n\n\n<p>En 2014, cuando Monreal era parte de Movimiento Ciudadano, critic\u00f3 la geolocalizaci\u00f3n y se pronunci\u00f3 en contra de que autoridades intervinieran en las comunicaciones de la ciudadan\u00eda.<\/p>\n\n\n\n<p>\u201cQu\u00e9 malo que la autoridad judicial federal a petici\u00f3n del Ministerio P\u00fablico, pueda ahora intervenir tus comunicaciones\u201d, se\u00f1al\u00f3 Monreal en 2014.<\/p>\n\n\n\n<p>En contraste, una d\u00e9cada despu\u00e9s, ya como miembro de Morena, el discurso de Monreal cambi\u00f3 en favor de los mecanismos de localizaci\u00f3n.<\/p>\n\n\n\n<p>\u201cNo hay ley censura, no hay ley esp\u00eda, son lenguajes muy atractivos desde la oposici\u00f3n, pero no hay fundamento jur\u00eddico legal\u201d, asegur\u00f3 previo a la aprobaci\u00f3n de la legislaci\u00f3n.<\/p>\n\n\n\n<p>Asegur\u00f3 que la medida es \u00fanicamente para combatir el crimen.<\/p>\n\n\n\n<p>\u201cS\u00ed hay mecanismos para que a los presuntos delincuentes se les localice, y s\u00ed hay mecanismos para que con autorizaci\u00f3n del juez se intervengan tel\u00e9fonos\u201d, puntualiz\u00f3 Monreal.<\/p>\n\n\n\n<p>AD\u00c1N AUGUSTO L\u00d3PEZ<\/p>\n\n\n\n<p>El coordinador de Morena en la C\u00e1mara de Senadores, Ad\u00e1n Augusto L\u00f3pez, tambi\u00e9n es otro de los que cambi\u00f3 de opini\u00f3n con el paso del tiempo.<\/p>\n\n\n\n<p>Cuando era miembro del PRD, Augusto L\u00f3pez asegur\u00f3 que la reforma de Telecomunicaciones obedec\u00eda a los monopolios, algo que hoy en d\u00eda parece ser lo mismo con Morena.<\/p>\n\n\n\n<p>\u201cA este pa\u00eds y a los mexicanos no nada m\u00e1s le debemos una verdadera reforma de Telecomunicaciones, le debemos una reforma que resuelva la concentraci\u00f3n de los medios, combata monopolios y el control de la opini\u00f3n p\u00fablica\u201d, dijo en ese entonces.<\/p>\n\n\n\n<p>DOLORES PADIERNA<\/p>\n\n\n\n<p>Cuando Padierna era miembro del PRD se\u00f1al\u00f3 como un \u201cquebranto a la Constituci\u00f3n\u201d la geolocalizaci\u00f3n que se pretend\u00b4\u00eda avalar en la discusi\u00f3n de 2014.<\/p>\n\n\n\n<p>\u201cSe mantiene la obligaci\u00f3n de la geolocalizaci\u00f3n de un equipo m\u00f3vil en tiempo real, lo cual constituye un quebranto a la privacidad del usuario\u201d, mencion\u00f3 la diputada de Morena.<\/p>\n\n\n\n<p>Padierna tambi\u00e9n critic\u00f3 que la reforma no terminaba con d\u00e9cadas de dominio y control por parte de los monopolios.<\/p>\n\n\n\n<p>LUISA MAR\u00cdA ALCALDE<\/p>\n\n\n\n<p>La entonces diputada de Movimiento Ciudadano critic\u00f3 severamente la medida de seguridad.<\/p>\n\n\n\n<p>\u201cCuando Pe\u00f1a Nieto present\u00f3 su iniciativa, la sociedad reaccion\u00f3 indignada al saber que permiten que cualquier instancia de seguridad y procuraci\u00f3n de justicia (&#8230;), pudieran brincarse la constituci\u00f3n y ordenar la geolocalizaci\u00f3n en tiempo real (&#8230;), sin mediar una investigaci\u00f3n previa ni requerir la autorizaci\u00f3n de un juez\u201d, puntualiz\u00f3 la hoy presidenta nacional de Morena.<\/p>\n\n\n\n<p>En cambio ahora justific\u00f3 la legislaci\u00f3n y asegur\u00f3 que no existe censura.<\/p>\n\n\n\n<p>Jos\u00e9 Antonio Merino<\/p>\n\n\n\n<p>El hoy titular de la Agencia de Transformaci\u00f3n Digital, Jos\u00e9 Antonio Merino, y quien en sus manos llevar\u00e1 un alto grado de responsabilidad por toda la informaci\u00f3n de la ciudadan\u00eda que manejar\u00e1, public\u00f3 en el ya lejano 2014 un tuit que se aleja mucho a lo que hoy en d\u00eda predica.<\/p>\n\n\n\n<p>(Informaci\u00f3n de Pol\u00edtico.Mx)<\/p>\n","protected":false},"excerpt":{"rendered":"<p>Redacci\u00f3n\/Zona Roja Cdmx. Ciudad de M\u00e9xico, a 3 de julio de 2025.- Pese a los&hellip;<\/p>\n","protected":false},"author":2,"featured_media":82032,"comment_status":"closed","ping_status":"open","sticky":false,"template":"","format":"standard","meta":{"_lmt_disableupdate":"","_lmt_disable":"","_jetpack_memberships_contains_paid_content":false,"footnotes":""},"categories":[109,47],"tags":[],"class_list":["post-82031","post","type-post","status-publish","format-standard","has-post-thumbnail","hentry","category-minuto-a-minuto","category-zona-gris"],"jetpack_featured_media_url":"https:\/\/zonaroja.com.mx\/wp-content\/uploads\/2025\/07\/Ley-espia.webp","jetpack_sharing_enabled":true,"_links":{"self":[{"href":"https:\/\/zonaroja.com.mx\/index.php?rest_route=\/wp\/v2\/posts\/82031","targetHints":{"allow":["GET"]}}],"collection":[{"href":"https:\/\/zonaroja.com.mx\/index.php?rest_route=\/wp\/v2\/posts"}],"about":[{"href":"https:\/\/zonaroja.com.mx\/index.php?rest_route=\/wp\/v2\/types\/post"}],"author":[{"embeddable":true,"href":"https:\/\/zonaroja.com.mx\/index.php?rest_route=\/wp\/v2\/users\/2"}],"replies":[{"embeddable":true,"href":"https:\/\/zonaroja.com.mx\/index.php?rest_route=%2Fwp%2Fv2%2Fcomments&post=82031"}],"version-history":[{"count":1,"href":"https:\/\/zonaroja.com.mx\/index.php?rest_route=\/wp\/v2\/posts\/82031\/revisions"}],"predecessor-version":[{"id":82033,"href":"https:\/\/zonaroja.com.mx\/index.php?rest_route=\/wp\/v2\/posts\/82031\/revisions\/82033"}],"wp:featuredmedia":[{"embeddable":true,"href":"https:\/\/zonaroja.com.mx\/index.php?rest_route=\/wp\/v2\/media\/82032"}],"wp:attachment":[{"href":"https:\/\/zonaroja.com.mx\/index.php?rest_route=%2Fwp%2Fv2%2Fmedia&parent=82031"}],"wp:term":[{"taxonomy":"category","embeddable":true,"href":"https:\/\/zonaroja.com.mx\/index.php?rest_route=%2Fwp%2Fv2%2Fcategories&post=82031"},{"taxonomy":"post_tag","embeddable":true,"href":"https:\/\/zonaroja.com.mx\/index.php?rest_route=%2Fwp%2Fv2%2Ftags&post=82031"}],"curies":[{"name":"wp","href":"https:\/\/api.w.org\/{rel}","templated":true}]}}