{"id":82034,"date":"2025-07-03T19:26:20","date_gmt":"2025-07-04T01:26:20","guid":{"rendered":"https:\/\/zonaroja.com.mx\/?p=82034"},"modified":"2025-07-03T19:26:23","modified_gmt":"2025-07-04T01:26:23","slug":"proponen-en-congreso-declarar-patrimonio-indumentaria-de-ocotepec","status":"publish","type":"post","link":"https:\/\/zonaroja.com.mx\/?p=82034","title":{"rendered":"Proponen en Congreso declarar patrimonio indumentaria de Ocotepec"},"content":{"rendered":"\n<p>Redacci\u00f3n\/Zona Roja.<\/p>\n\n\n\n<p>Oaxaca, Oax., a 3 de julio de 2025.- El diputado por Morena, Israel L\u00f3pez S\u00e1nchez, present\u00f3 en el Congreso del Estado una iniciativa con proyecto de decreto para reconocer como elementos culturales identitarios de Oaxaca los conocimientos, t\u00e9cnicas, dise\u00f1os y bordados utilizados en la elaboraci\u00f3n de la indumentaria tradicional de Santo Tom\u00e1s Ocotepec, en la regi\u00f3n Mixteca.<\/p>\n\n\n\n<p>La propuesta busca que estas prendas entre ellas el huipil, el rollo, los ce\u00f1idores, soyates, huaraches, collares, rebozos y otros accesorios elaborados mediante t\u00e9cnicas ancestrales sean declaradas patrimonio cultural material e inmaterial del estado.<\/p>\n\n\n\n<p>El legislador destac\u00f3 que esta vestimenta representa mucho m\u00e1s que atuendos: es una expresi\u00f3n viva de identidad, historia y memoria colectiva, transmitida de generaci\u00f3n en generaci\u00f3n por familias artesanas que resguardan el arte del telar de cintura, el uso de tintes naturales y bordados que reflejan la cosmovisi\u00f3n de su pueblo.<\/p>\n\n\n\n<p>Israel L\u00f3pez S\u00e1nchez se\u00f1al\u00f3 la necesidad urgente de proteger legalmente este legado frente a pr\u00e1cticas de plagio y explotaci\u00f3n comercial, garantizando as\u00ed los derechos colectivos de los pueblos originarios de Oaxaca.<\/p>\n\n\n\n<p>Con esta iniciativa, el Congreso del Estado reafirma su compromiso con la protecci\u00f3n de la diversidad cultural, el respeto a los saberes ancestrales y la defensa del patrimonio inmaterial de nuestras comunidades ind\u00edgenas.<\/p>\n\n\n\n<figure class=\"wp-block-embed is-type-rich is-provider-twitter wp-block-embed-twitter\"><div class=\"wp-block-embed__wrapper\">\n<div class=\"twitter-tweet\"><blockquote class=\"twitter-tweet\" data-lang=\"es\"><p lang=\"es\" dir=\"ltr\">En la sesi\u00f3n ordinaria del <a href=\"https:\/\/twitter.com\/CongresoOaxaca_?ref_src=twsrc%5Etfw\">@CongresoOaxaca_<\/a>, el diputado por Morena, <a href=\"https:\/\/twitter.com\/lopez_isra?ref_src=twsrc%5Etfw\">@lopez_isra<\/a>, present\u00f3 una iniciativa con proyecto de decreto para reconocer como elementos culturales identitarios del estado de Oaxaca los conocimientos, t\u00e9cnicas, dise\u00f1os y bordados utilizados en la\u2026 <a href=\"https:\/\/t.co\/s2OjvYbbXL\">pic.twitter.com\/s2OjvYbbXL<\/a><\/p>&mdash; Zona Roja Oaxaca (@ZonaRoja_Oaxaca) <a href=\"https:\/\/twitter.com\/ZonaRoja_Oaxaca\/status\/1940509739646878104?ref_src=twsrc%5Etfw\">2 de julio de 2025<\/a><\/blockquote><\/div>\n<\/div><\/figure>\n","protected":false},"excerpt":{"rendered":"<p>Redacci\u00f3n\/Zona Roja. Oaxaca, Oax., a 3 de julio de 2025.- El diputado por Morena, Israel&hellip;<\/p>\n","protected":false},"author":2,"featured_media":82035,"comment_status":"closed","ping_status":"open","sticky":false,"template":"","format":"standard","meta":{"_lmt_disableupdate":"","_lmt_disable":"","_jetpack_memberships_contains_paid_content":false,"footnotes":""},"categories":[109,46],"tags":[303,4127],"class_list":["post-82034","post","type-post","status-publish","format-standard","has-post-thumbnail","hentry","category-minuto-a-minuto","category-zona-blanca","tag-congreso-del-estado-de-oaxaca","tag-israel-lopez-sanchez"],"jetpack_featured_media_url":"https:\/\/zonaroja.com.mx\/wp-content\/uploads\/2025\/07\/Israel-Lopez-Sanchez.jpeg","jetpack_sharing_enabled":true,"_links":{"self":[{"href":"https:\/\/zonaroja.com.mx\/index.php?rest_route=\/wp\/v2\/posts\/82034","targetHints":{"allow":["GET"]}}],"collection":[{"href":"https:\/\/zonaroja.com.mx\/index.php?rest_route=\/wp\/v2\/posts"}],"about":[{"href":"https:\/\/zonaroja.com.mx\/index.php?rest_route=\/wp\/v2\/types\/post"}],"author":[{"embeddable":true,"href":"https:\/\/zonaroja.com.mx\/index.php?rest_route=\/wp\/v2\/users\/2"}],"replies":[{"embeddable":true,"href":"https:\/\/zonaroja.com.mx\/index.php?rest_route=%2Fwp%2Fv2%2Fcomments&post=82034"}],"version-history":[{"count":1,"href":"https:\/\/zonaroja.com.mx\/index.php?rest_route=\/wp\/v2\/posts\/82034\/revisions"}],"predecessor-version":[{"id":82036,"href":"https:\/\/zonaroja.com.mx\/index.php?rest_route=\/wp\/v2\/posts\/82034\/revisions\/82036"}],"wp:featuredmedia":[{"embeddable":true,"href":"https:\/\/zonaroja.com.mx\/index.php?rest_route=\/wp\/v2\/media\/82035"}],"wp:attachment":[{"href":"https:\/\/zonaroja.com.mx\/index.php?rest_route=%2Fwp%2Fv2%2Fmedia&parent=82034"}],"wp:term":[{"taxonomy":"category","embeddable":true,"href":"https:\/\/zonaroja.com.mx\/index.php?rest_route=%2Fwp%2Fv2%2Fcategories&post=82034"},{"taxonomy":"post_tag","embeddable":true,"href":"https:\/\/zonaroja.com.mx\/index.php?rest_route=%2Fwp%2Fv2%2Ftags&post=82034"}],"curies":[{"name":"wp","href":"https:\/\/api.w.org\/{rel}","templated":true}]}}