{"id":82037,"date":"2025-07-03T20:35:05","date_gmt":"2025-07-04T02:35:05","guid":{"rendered":"https:\/\/zonaroja.com.mx\/?p=82037"},"modified":"2025-07-03T20:35:08","modified_gmt":"2025-07-04T02:35:08","slug":"asesinan-a-balazos-a-un-individuo-en-san-pedro-mixtepec","status":"publish","type":"post","link":"https:\/\/zonaroja.com.mx\/?p=82037","title":{"rendered":"Asesinan a balazos a un individuo en San Pedro Mixtepec"},"content":{"rendered":"\n<p>Ismael Garc\u00eda M.\/Zona Roja.<\/p>\n\n\n\n<p>Oaxaca, Oax., a 3 de julio de 2025.- Una persona del sexo masculino fue asesinada a balazos cerca de la media noche de ayer en San Pedro Mixtepec.<\/p>\n\n\n\n<p>El crimen en ese municipio de la regi\u00f3n de la Costa se perpetr\u00f3 en la calle Libertad del barrio El Pante\u00f3n; la v\u00edctima fue identificada como Juan Carlos P. J., de aproximadamente 28 a\u00f1os de edad.<\/p>\n\n\n\n<p>Personal policiaco municipal \u00fanicamente arrib\u00f3 para resguardar la escena del crimen, mientras peritos y agentes de investigaci\u00f3n de la Vicefiscal\u00eda Regional de la Costa, dependiente de la Fiscal\u00eda General del Estado de Oaxaca, realiz\u00f3 las indagatorias correspondientes, que concluyeron la madrugada de hoy.<\/p>\n\n\n\n<p>La v\u00edctima vest\u00eda una playera de color negra y bermuda en color gris y s\u00f3lo ten\u00eda calcetines color negro; es de tez moreno y complexi\u00f3n regular.<\/p>\n\n\n\n<p>Seg\u00fan los primeros reportes, presentaba impactos de arma de fuego a la altura del cuello del lado izquierdo, en el brazo izquierdo y en la pierna derecha.<\/p>\n\n\n\n<p>La escena del crimen fue manipulada por familiares, quienes llegaron primero que los elementos policiacos; hasta el momento no hay reporte de personas detenidas ni se conoce la identidad del o de los agresores.<\/p>\n","protected":false},"excerpt":{"rendered":"<p>Ismael Garc\u00eda M.\/Zona Roja. Oaxaca, Oax., a 3 de julio de 2025.- Una persona del&hellip;<\/p>\n","protected":false},"author":2,"featured_media":74062,"comment_status":"closed","ping_status":"open","sticky":false,"template":"","format":"standard","meta":{"_lmt_disableupdate":"","_lmt_disable":"","_jetpack_memberships_contains_paid_content":false,"footnotes":""},"categories":[109,51],"tags":[890],"class_list":["post-82037","post","type-post","status-publish","format-standard","has-post-thumbnail","hentry","category-minuto-a-minuto","category-zona-roja","tag-san-pedro-mixtepec"],"jetpack_featured_media_url":"https:\/\/zonaroja.com.mx\/wp-content\/uploads\/2024\/11\/Escena-del-crimen-1.jpg","jetpack_sharing_enabled":true,"_links":{"self":[{"href":"https:\/\/zonaroja.com.mx\/index.php?rest_route=\/wp\/v2\/posts\/82037","targetHints":{"allow":["GET"]}}],"collection":[{"href":"https:\/\/zonaroja.com.mx\/index.php?rest_route=\/wp\/v2\/posts"}],"about":[{"href":"https:\/\/zonaroja.com.mx\/index.php?rest_route=\/wp\/v2\/types\/post"}],"author":[{"embeddable":true,"href":"https:\/\/zonaroja.com.mx\/index.php?rest_route=\/wp\/v2\/users\/2"}],"replies":[{"embeddable":true,"href":"https:\/\/zonaroja.com.mx\/index.php?rest_route=%2Fwp%2Fv2%2Fcomments&post=82037"}],"version-history":[{"count":1,"href":"https:\/\/zonaroja.com.mx\/index.php?rest_route=\/wp\/v2\/posts\/82037\/revisions"}],"predecessor-version":[{"id":82038,"href":"https:\/\/zonaroja.com.mx\/index.php?rest_route=\/wp\/v2\/posts\/82037\/revisions\/82038"}],"wp:featuredmedia":[{"embeddable":true,"href":"https:\/\/zonaroja.com.mx\/index.php?rest_route=\/wp\/v2\/media\/74062"}],"wp:attachment":[{"href":"https:\/\/zonaroja.com.mx\/index.php?rest_route=%2Fwp%2Fv2%2Fmedia&parent=82037"}],"wp:term":[{"taxonomy":"category","embeddable":true,"href":"https:\/\/zonaroja.com.mx\/index.php?rest_route=%2Fwp%2Fv2%2Fcategories&post=82037"},{"taxonomy":"post_tag","embeddable":true,"href":"https:\/\/zonaroja.com.mx\/index.php?rest_route=%2Fwp%2Fv2%2Ftags&post=82037"}],"curies":[{"name":"wp","href":"https:\/\/api.w.org\/{rel}","templated":true}]}}