{"id":82044,"date":"2025-07-04T07:15:00","date_gmt":"2025-07-04T13:15:00","guid":{"rendered":"https:\/\/zonaroja.com.mx\/?p=82044"},"modified":"2025-07-04T06:39:37","modified_gmt":"2025-07-04T12:39:37","slug":"julio-cesar-chavez-jr-tenia-orden-de-aprehension-en-mexico-desde-2023","status":"publish","type":"post","link":"https:\/\/zonaroja.com.mx\/?p=82044","title":{"rendered":"Julio C\u00e9sar Ch\u00e1vez Jr. ten\u00eda orden de aprehensi\u00f3n en M\u00e9xico, desde 2023"},"content":{"rendered":"\n<p>Redacci\u00f3n\/Zona Roja Cdmx.<\/p>\n\n\n\n<p>Ciudad de M\u00e9xico, a 4 de julio de 2025.- El boxeador mexicano Julio C\u00e9sar Ch\u00e1vez Jr. fue detenido el 2 de julio en el Studio City, California (Estados Unidos) por el Servicio de Inmigraci\u00f3n y Control de Aduanas (ICE, por sus siglas en ingl\u00e9s) y se alista su \u201cdeportaci\u00f3n acelerada\u201d a M\u00e9xico, donde \u201ctiene una orden de arresto vigente\u201d, seg\u00fan el Departamento de Seguridad Nacional (DHS).<\/p>\n\n\n\n<p>Ayer por la tarde, la Fiscal\u00eda General de la Rep\u00fablica (FGR) confirm\u00f3 en X que Julio \u2018C\u2019 tiene una orden de aprehensi\u00f3n en M\u00e9xico desde marzo de 2023, \u201cpor delincuencia organizada y tr\u00e1fico de armas\u201d y tras ser informado por las autoridades estadounidenses, ha \u201ciniciado el procedimiento correspondiente para su entrega a M\u00e9xico\u201d.<\/p>\n\n\n\n<p>En un comunicado publicado este jueves, el DHS tambi\u00e9n se\u00f1ala que la orden en M\u00e9xico contra el hijo de Julio C\u00e9sar Ch\u00e1vez es por \u201csu participaci\u00f3n en el crimen organizado y el tr\u00e1fico de armas de fuego, municiones y explosivos\u201d.&nbsp;<\/p>\n\n\n\n<p>Esta no es la primera vez que Ch\u00e1vez Jr. tiene una \u2018pelea\u2019 con la ley en Estados Unidos: en 2012 fue arrestado por conducir bajo los efectos del alcohol y sin licencia v\u00e1lida; en 2023 tuvo una orden de arresto por&nbsp;delincuencia organizada (relacionado con el tr\u00e1fico y fabricaci\u00f3n de armas); en 2024 fue detenido por posesi\u00f3n ilegal de un arma de asalto y de fabricaci\u00f3n o importaci\u00f3n de un rifle con ca\u00f1\u00f3n corto.<\/p>\n\n\n\n<p>En esta ocasi\u00f3n, la situaci\u00f3n es m\u00e1s complicada contra el boxeador, quien hace unos d\u00edas vivi\u00f3 una penosa derrota ante Jake Paul en el Honda Center, Anaheim, California.<\/p>\n\n\n\n<p>Las autoridades estadounidenses apuntan que en 2023 Ch\u00e1vez Jr. lleg\u00f3 al pa\u00eds con visa de turista, la cual estuvo vigente hasta febrero del a\u00f1o pasado; dos meses despu\u00e9s, \u00e9l pidi\u00f3 su residencia legal basada en su matrimonio con una ciudadana estadounidense vinculada al C\u00e1rtel de Sinaloa.<\/p>\n\n\n\n<p>Ch\u00e1vez Jr. tiene una relaci\u00f3n con Frida Mu\u00f1oz, exesposa de Edgar Guzm\u00e1n L\u00f3pez, fallecido primog\u00e9nito de \u2018El Chapo\u2019 con quien tuvo a su hija, la cantante Frida Sof\u00eda Guzm\u00e1n Mu\u00f1oz. El boxeador adem\u00e1s tiene dos hijos con ella.<\/p>\n\n\n\n<p>\u201cSe cree que Ch\u00e1vez es miembro del C\u00e1rtel de Sinaloa, una organizaci\u00f3n terrorista extranjera designada\u201d, dice el DHS.<\/p>\n\n\n\n<p>Luego de que el Servicio de Ciudadan\u00eda e Inmigraci\u00f3n de Estados Unidos (USCIS) consider\u00f3 a Ch\u00e1vez Jr. una \u201cgrave amenaza para la seguridad p\u00fablica\u201d, present\u00f3 ante el ICE una denuncia en 2024, pero no se le consider\u00f3 prioridad \u201cbajo la administraci\u00f3n Biden\u201d y se le permiti\u00f3 reingresar al pa\u00eds en enero de 2025.<\/p>\n\n\n\n<p>Tras varios intentos de conseguir la residencia permanente, las autoridades determinaron que Ch\u00e1vez \u00abse encontraba en el pa\u00eds ilegalmente y que pod\u00eda ser deportado el 27 de junio de 2025\u2033. Sin embargo, el 28 de junio pele\u00f3 contra Jake Paul y el arresto se hizo hasta este 2 de julio.<\/p>\n\n\n\n<p>La subsecretaria Tricia McLaughlin llam\u00f3 a Ch\u00e1vez Jr. un \u201cafiliado del C\u00e1rtel de Sinaloa\u201d: \u201cCon el presidente Trump, nadie est\u00e1 por encima de la ley, incluidos los atletas de fama mundial. Nuestro mensaje a cualquier afiliado del c\u00e1rtel en Estados Unidos es claro: los encontraremos y enfrentar\u00e1n las consecuencias. Se acabaron los d\u00edas de violencia desenfrenada de los c\u00e1rteles\u201d.<\/p>\n\n\n\n<p>(Informaci\u00f3n de \u201cEl Financiero\u201d)<\/p>\n","protected":false},"excerpt":{"rendered":"<p>Redacci\u00f3n\/Zona Roja Cdmx. Ciudad de M\u00e9xico, a 4 de julio de 2025.- El boxeador mexicano&hellip;<\/p>\n","protected":false},"author":2,"featured_media":82045,"comment_status":"closed","ping_status":"open","sticky":false,"template":"","format":"standard","meta":{"_lmt_disableupdate":"","_lmt_disable":"","_jetpack_memberships_contains_paid_content":false,"footnotes":""},"categories":[109,47],"tags":[4353],"class_list":["post-82044","post","type-post","status-publish","format-standard","has-post-thumbnail","hentry","category-minuto-a-minuto","category-zona-gris","tag-julio-cesar-chavez-jr"],"jetpack_featured_media_url":"https:\/\/zonaroja.com.mx\/wp-content\/uploads\/2025\/07\/Detienen-a-Julio-Cesar-Chavez-Jr.jpg","jetpack_sharing_enabled":true,"_links":{"self":[{"href":"https:\/\/zonaroja.com.mx\/index.php?rest_route=\/wp\/v2\/posts\/82044","targetHints":{"allow":["GET"]}}],"collection":[{"href":"https:\/\/zonaroja.com.mx\/index.php?rest_route=\/wp\/v2\/posts"}],"about":[{"href":"https:\/\/zonaroja.com.mx\/index.php?rest_route=\/wp\/v2\/types\/post"}],"author":[{"embeddable":true,"href":"https:\/\/zonaroja.com.mx\/index.php?rest_route=\/wp\/v2\/users\/2"}],"replies":[{"embeddable":true,"href":"https:\/\/zonaroja.com.mx\/index.php?rest_route=%2Fwp%2Fv2%2Fcomments&post=82044"}],"version-history":[{"count":1,"href":"https:\/\/zonaroja.com.mx\/index.php?rest_route=\/wp\/v2\/posts\/82044\/revisions"}],"predecessor-version":[{"id":82046,"href":"https:\/\/zonaroja.com.mx\/index.php?rest_route=\/wp\/v2\/posts\/82044\/revisions\/82046"}],"wp:featuredmedia":[{"embeddable":true,"href":"https:\/\/zonaroja.com.mx\/index.php?rest_route=\/wp\/v2\/media\/82045"}],"wp:attachment":[{"href":"https:\/\/zonaroja.com.mx\/index.php?rest_route=%2Fwp%2Fv2%2Fmedia&parent=82044"}],"wp:term":[{"taxonomy":"category","embeddable":true,"href":"https:\/\/zonaroja.com.mx\/index.php?rest_route=%2Fwp%2Fv2%2Fcategories&post=82044"},{"taxonomy":"post_tag","embeddable":true,"href":"https:\/\/zonaroja.com.mx\/index.php?rest_route=%2Fwp%2Fv2%2Ftags&post=82044"}],"curies":[{"name":"wp","href":"https:\/\/api.w.org\/{rel}","templated":true}]}}