{"id":82050,"date":"2025-07-04T08:30:00","date_gmt":"2025-07-04T14:30:00","guid":{"rendered":"https:\/\/zonaroja.com.mx\/?p=82050"},"modified":"2025-07-04T06:59:43","modified_gmt":"2025-07-04T12:59:43","slug":"detienen-en-la-costa-a-presunto-lider-criminal-decomisan-armas-y-droga","status":"publish","type":"post","link":"https:\/\/zonaroja.com.mx\/?p=82050","title":{"rendered":"Detienen en la Costa a presunto l\u00edder criminal; decomisan armas y droga"},"content":{"rendered":"\n<p>Redacci\u00f3n\/Zona Roja.&nbsp;<\/p>\n\n\n\n<p>Oaxaca, Oax., a 4 de julio de 2025.- Derivado del trabajo interinstitucional realizado dentro del operativo \u201cCero Tolerancia\u201d en Santiago Jamiltepec, elementos de seguridad detuvieron a tres personas por su presunta participaci\u00f3n en delitos contra la salud y violaci\u00f3n a la Ley Federal de Armas de Fuego y Explosivos.<\/p>\n\n\n\n<p>Durante el operativo implementado en la colonia Aviaci\u00f3n de dicho municipio, la Secretar\u00eda de Seguridad y Protecci\u00f3n Ciudadana (SSPC) en coordinaci\u00f3n con la Secretar\u00eda de Marina (Semar), la Fiscal\u00eda General del Estado de Oaxaca (FGEO) y la Agencia Estatal de Investigaciones (AEI), detuvieron a E.T.L., considerado objetivo prioritario y presunto l\u00edder de un grupo delictivo local.<\/p>\n\n\n\n<p>Asimismo, fueron capturados K.R.T.L., de 22 a\u00f1os y presunta pareja sentimental de E.T.L., adem\u00e1s de una persona del sexo femenino identificada con las iniciales A.R.G., de 21 a\u00f1os, quien cuenta con ficha de b\u00fasqueda desde 2019 y presunta integrante de dicho grupo delictivo.<\/p>\n\n\n\n<p>Durante la intervenci\u00f3n, se aseguraron 680 gramos de una sustancia con caracter\u00edsticas propias a la droga conocida como cristal, m\u00e1s de 760 dosis distribuidas en bolsas y envoltorios individuales con la misma sustancia, un arma larga tipo AK47 con cargador abastecido, un arma corta calibre 9 mm, tambi\u00e9n abastecida y una motocicleta sin placas, con n\u00famero de serie alterado.<\/p>\n\n\n\n<p>Este operativo forma parte de los esfuerzos estrat\u00e9gicos para debilitar las estructuras criminales en la regi\u00f3n Costa, donde la actividad delictiva relacionada con el narcomenudeo, extorsi\u00f3n y tr\u00e1fico de armas ha impactado gravemente el bienestar de las comunidades.<\/p>\n\n\n\n<p>Cabe destacar que, tanto las personas detenidas como el material asegurado, fueron puestos a disposici\u00f3n de la FGEO para las diligencias correspondientes.<\/p>\n","protected":false},"excerpt":{"rendered":"<p>Redacci\u00f3n\/Zona Roja.&nbsp; Oaxaca, Oax., a 4 de julio de 2025.- Derivado del trabajo interinstitucional realizado&hellip;<\/p>\n","protected":false},"author":2,"featured_media":82051,"comment_status":"closed","ping_status":"open","sticky":false,"template":"","format":"standard","meta":{"_lmt_disableupdate":"","_lmt_disable":"","_jetpack_memberships_contains_paid_content":false,"footnotes":""},"categories":[109,46],"tags":[],"class_list":["post-82050","post","type-post","status-publish","format-standard","has-post-thumbnail","hentry","category-minuto-a-minuto","category-zona-blanca"],"jetpack_featured_media_url":"https:\/\/zonaroja.com.mx\/wp-content\/uploads\/2025\/07\/Detenidos-Costa-Santiago-Jamiltepec.jpg","jetpack_sharing_enabled":true,"_links":{"self":[{"href":"https:\/\/zonaroja.com.mx\/index.php?rest_route=\/wp\/v2\/posts\/82050","targetHints":{"allow":["GET"]}}],"collection":[{"href":"https:\/\/zonaroja.com.mx\/index.php?rest_route=\/wp\/v2\/posts"}],"about":[{"href":"https:\/\/zonaroja.com.mx\/index.php?rest_route=\/wp\/v2\/types\/post"}],"author":[{"embeddable":true,"href":"https:\/\/zonaroja.com.mx\/index.php?rest_route=\/wp\/v2\/users\/2"}],"replies":[{"embeddable":true,"href":"https:\/\/zonaroja.com.mx\/index.php?rest_route=%2Fwp%2Fv2%2Fcomments&post=82050"}],"version-history":[{"count":1,"href":"https:\/\/zonaroja.com.mx\/index.php?rest_route=\/wp\/v2\/posts\/82050\/revisions"}],"predecessor-version":[{"id":82052,"href":"https:\/\/zonaroja.com.mx\/index.php?rest_route=\/wp\/v2\/posts\/82050\/revisions\/82052"}],"wp:featuredmedia":[{"embeddable":true,"href":"https:\/\/zonaroja.com.mx\/index.php?rest_route=\/wp\/v2\/media\/82051"}],"wp:attachment":[{"href":"https:\/\/zonaroja.com.mx\/index.php?rest_route=%2Fwp%2Fv2%2Fmedia&parent=82050"}],"wp:term":[{"taxonomy":"category","embeddable":true,"href":"https:\/\/zonaroja.com.mx\/index.php?rest_route=%2Fwp%2Fv2%2Fcategories&post=82050"},{"taxonomy":"post_tag","embeddable":true,"href":"https:\/\/zonaroja.com.mx\/index.php?rest_route=%2Fwp%2Fv2%2Ftags&post=82050"}],"curies":[{"name":"wp","href":"https:\/\/api.w.org\/{rel}","templated":true}]}}