{"id":82056,"date":"2025-07-04T10:45:00","date_gmt":"2025-07-04T16:45:00","guid":{"rendered":"https:\/\/zonaroja.com.mx\/?p=82056"},"modified":"2025-07-04T08:15:05","modified_gmt":"2025-07-04T14:15:05","slug":"logra-la-fiscalia-varias-sentencias-y-vinculaciones-a-proceso-por-delitos-sexuales","status":"publish","type":"post","link":"https:\/\/zonaroja.com.mx\/?p=82056","title":{"rendered":"Logra la Fiscal\u00eda varias sentencias y vinculaciones a proceso por delitos sexuales"},"content":{"rendered":"\n<p>Redacci\u00f3n\/Zona Roja.<\/p>\n\n\n\n<p>Oaxaca, Oax., a 4 de julio de 2025.- En acciones coordinadas contra la violencia sexual, la Fiscal\u00eda General del Estado de Oaxaca (FGEO) obtuvo una sentencia condenatoria de 17 a\u00f1os de prisi\u00f3n, dos vinculaciones a proceso y dio cumplimiento a dos \u00f3rdenes de aprehensi\u00f3n por el delito de violaci\u00f3n cometidos en hechos distintos en las regiones de la Sierra Sur, Costa y Sierra de Flores Mag\u00f3n.<\/p>\n\n\n\n<p>De acuerdo con el expediente penal del caso, la FGEO -a trav\u00e9s de la Vicefiscal\u00eda Regional de la Costa-, obtuvo una sentencia condenatoria de 17 a\u00f1os de prisi\u00f3n en contra de una persona del sexo masculino identificado como Wilivaldo M.L., responsable del delito de Violaci\u00f3n Equiparada, cometido en perjuicio de una ni\u00f1a de 11 a\u00f1os de edad (cuya identidad est\u00e1 reservada por ley), hecho cometido el 15 de julio de 2022, en un domicilio ubicado en la localidad de Valdeflores perteneciente a Santa Mar\u00eda Colotepec en el distrito de Pochutla.<\/p>\n\n\n\n<p>Asimismo, obtuvo dos vinculaciones a proceso por el mismo delito, una en contra de C.R.C., por hechos ocurridos el 18 de julio de 2020, contra una ni\u00f1a de 12 a\u00f1os de edad, en la poblaci\u00f3n de R\u00edo Anona, perteneciente al municipio de San Sim\u00f3n Almolongas en Miahuatl\u00e1n de Porfirio D\u00edaz en la Sierra Sur de Oaxaca, lugar donde agredieron a la v\u00edctima.<\/p>\n\n\n\n<p>En este hecho, la Vicefiscal\u00eda Regional de Valles Centrales llev\u00f3 a cabo las investigaciones con perspectiva de infancia y logr\u00f3 la detenci\u00f3n de C.R.C. En audiencia y derivado de la evaluaci\u00f3n de los datos de prueba aportados por la FGEO, obtuvo la medida cautelar de prisi\u00f3n preventiva definitiva para el imputado en espera para el cierre de la investigaci\u00f3n complementaria.<\/p>\n\n\n\n<p>La otra vinculaci\u00f3n a proceso fue contra E.G.M., se logr\u00f3 gracias al trabajo realizado por la Vicefiscal\u00eda Regional de la Costa derivado de hechos ocurridos el 11 de mayo de 2025 por el delito de violaci\u00f3n, cuando la v\u00edctima (una mujer, cuya identidad est\u00e1 reservada por ley) se encontraba en el interior de su domicilio ubicado en avenida Hidalgo, Colonia Centro, de San Miguel Panixtlahuaca, lugar donde fue atacada f\u00edsica y sexualmente. Derivado de estos hechos, el Juez de la causa impuso la medida cautelar de prisi\u00f3n preventiva oficiosa definitiva en contra de E.G.M. y otorg\u00f3 un plazo de tres meses para el cierre de investigaci\u00f3n complementaria.<\/p>\n\n\n\n<p>En este mismo sentido, la Fiscal\u00eda de Oaxaca tambi\u00e9n ejecut\u00f3 dos \u00f3rdenes de aprehensi\u00f3n por el mismo delito, una cumplimentada en contra de una persona del sexo masculino identificado como D.R.H., por hechos ocurridos el 25 de diciembre de 2023, en una vecindad ubicada en la colonia La Soledad del municipio de Miahuatl\u00e1n de Porfirio D\u00edaz, lugar donde un menor de edad cuya identidad est\u00e1 reservada por ley fue interceptada y sometida en una de las habitaciones del sitio para despu\u00e9s ser agredida de manera sexual.<\/p>\n\n\n\n<p>El caso qued\u00f3 asentado en el expediente penal de la Comandancia de Atenci\u00f3n a Delitos Contra la Mujer por Raz\u00f3n de G\u00e9nero de la Vicefiscal\u00eda Regional de Valles Centrales que realiza las investigaciones bajo el protocolo con perspectiva de infancia y el detenido fue puesto a disposici\u00f3n de las autoridades correspondientes para su debido proceso legal.<\/p>\n\n\n\n<p>La segunda orden de aprehensi\u00f3n ejecutada por Agentes Estatales de Investigaci\u00f3n (AEI) en contra de una persona del sexo masculino identificado como A.G.G., derivado de hechos ocurridos en 12 de mayo de 2024, en el que la Unidad de G\u00e9nero de la Vicefiscal\u00eda Regional de la Cuenca abri\u00f3 una carpeta de investigaci\u00f3n por la denuncia de una agresi\u00f3n sexual ocurrida en contra de una adolescente, en un domicilio localizado en la localidad de Llano \u00c1rnica, perteneciente al municipio de San Jos\u00e9 Tenango en la Sierra de Flores Mag\u00f3n.<\/p>\n","protected":false},"excerpt":{"rendered":"<p>Redacci\u00f3n\/Zona Roja. Oaxaca, Oax., a 4 de julio de 2025.- En acciones coordinadas contra la&hellip;<\/p>\n","protected":false},"author":2,"featured_media":82057,"comment_status":"closed","ping_status":"open","sticky":false,"template":"","format":"standard","meta":{"_lmt_disableupdate":"","_lmt_disable":"","_jetpack_memberships_contains_paid_content":false,"footnotes":""},"categories":[109,46],"tags":[494],"class_list":["post-82056","post","type-post","status-publish","format-standard","has-post-thumbnail","hentry","category-minuto-a-minuto","category-zona-blanca","tag-fiscalia-general-del-estado-de-oaxaca"],"jetpack_featured_media_url":"https:\/\/zonaroja.com.mx\/wp-content\/uploads\/2025\/07\/Vinculaciones-proceso-Fiscalia-General.jpg","jetpack_sharing_enabled":true,"_links":{"self":[{"href":"https:\/\/zonaroja.com.mx\/index.php?rest_route=\/wp\/v2\/posts\/82056","targetHints":{"allow":["GET"]}}],"collection":[{"href":"https:\/\/zonaroja.com.mx\/index.php?rest_route=\/wp\/v2\/posts"}],"about":[{"href":"https:\/\/zonaroja.com.mx\/index.php?rest_route=\/wp\/v2\/types\/post"}],"author":[{"embeddable":true,"href":"https:\/\/zonaroja.com.mx\/index.php?rest_route=\/wp\/v2\/users\/2"}],"replies":[{"embeddable":true,"href":"https:\/\/zonaroja.com.mx\/index.php?rest_route=%2Fwp%2Fv2%2Fcomments&post=82056"}],"version-history":[{"count":1,"href":"https:\/\/zonaroja.com.mx\/index.php?rest_route=\/wp\/v2\/posts\/82056\/revisions"}],"predecessor-version":[{"id":82058,"href":"https:\/\/zonaroja.com.mx\/index.php?rest_route=\/wp\/v2\/posts\/82056\/revisions\/82058"}],"wp:featuredmedia":[{"embeddable":true,"href":"https:\/\/zonaroja.com.mx\/index.php?rest_route=\/wp\/v2\/media\/82057"}],"wp:attachment":[{"href":"https:\/\/zonaroja.com.mx\/index.php?rest_route=%2Fwp%2Fv2%2Fmedia&parent=82056"}],"wp:term":[{"taxonomy":"category","embeddable":true,"href":"https:\/\/zonaroja.com.mx\/index.php?rest_route=%2Fwp%2Fv2%2Fcategories&post=82056"},{"taxonomy":"post_tag","embeddable":true,"href":"https:\/\/zonaroja.com.mx\/index.php?rest_route=%2Fwp%2Fv2%2Ftags&post=82056"}],"curies":[{"name":"wp","href":"https:\/\/api.w.org\/{rel}","templated":true}]}}