{"id":82064,"date":"2025-07-04T12:32:00","date_gmt":"2025-07-04T18:32:00","guid":{"rendered":"https:\/\/zonaroja.com.mx\/?p=82064"},"modified":"2025-07-04T19:06:49","modified_gmt":"2025-07-05T01:06:49","slug":"crisis-de-desapariciones-en-tuxtepec-al-menos-7-personas-en-junio","status":"publish","type":"post","link":"https:\/\/zonaroja.com.mx\/?p=82064","title":{"rendered":"Crisis de desapariciones en Tuxtepec; al menos 7 personas en junio"},"content":{"rendered":"\n<p>Lisbeth Mej\u00eda Reyes\/Zona Roja.<\/p>\n\n\n\n<p>Oaxaca, Oax., a 4 de julio de 2025.- Con al menos siete personas desaparecidas en el mes de junio, el municipio de San Juan Bautista Tuxtepec enfrenta un clima de inseguridad que se agrava por las desapariciones.&nbsp;<\/p>\n\n\n\n<p>Adem\u00e1s de la violencia que incluso ha cobrado la vida de polic\u00edas municipales en esta poblaci\u00f3n de la regi\u00f3n Cuenca del Papaloapan y colindante con el estado de Veracruz.<\/p>\n\n\n\n<p>Entre las \u00faltimas v\u00edctimas de desapariciones est\u00e1n los padres de Ilse Nolasco, ex candidata a diputada local por el Partido Verde Ecologista. Eusebio Nolasco Joaqu\u00edn, de 59 a\u00f1os de edad, y Guillermina L\u00f3pez Rivera, de 56, fueron vistos por \u00faltima vez el 18 de junio en la colonia El Progreso, en Tuxtepec, seg\u00fan las fichas.<\/p>\n\n\n\n<p>Sin embargo, en una entrevista con la periodista Azucena Urresti, la ex candidata afirm\u00f3 que sus padres han sido v\u00edctimas de la violencia e inseguridad que existe en los l\u00edmites de Veracruz y Oaxaca y que su desaparici\u00f3n se debe a que fueron \u00abprivados de su libertad\u00bb en Tesechoac\u00e1n, en Jos\u00e9 Azueta, Veracruz. Aunque inicialmente se crey\u00f3 que desaparecieron en territorio oaxaque\u00f1o.<\/p>\n\n\n\n<p>De acuerdo con Nolasco, sus padres hab\u00edan salido a esa localidad de Veracruz para concretar la venta de un terreno por 30 mil pesos y desde entonces no sabe nada de ellos. \u00danicamente fue localizada la camioneta en que se transportaban.<\/p>\n\n\n\n<p>Hasta ahora, se\u00f1al\u00f3 que son las autoridades de Oaxaca las \u00fanicas que han trabajado para su localizaci\u00f3n, por lo que llam\u00f3 a la gobernadora de Veracruz, Roc\u00edo Nahle, a sumar esfuerzos, pues fue en ese estado donde desaparecieron sus padres.<\/p>\n\n\n\n<p>De acuerdo con las fichas emitidas por la Unidad de Atenci\u00f3n a Personas No Localizadas (DNOL) de la Fiscal\u00eda General del Estado de Oaxaca (FGEO), adem\u00e1s de los padres de la ex candidata han desaparecido e. Tuxtepec otros cinco hombres de entre 24 y 56 a\u00f1os de edad.<\/p>\n\n\n\n<p>Al margen de los datos de la Fiscal\u00eda General del Estado de Oaxaca, la Comisi\u00f3n Nacional de B\u00fasqueda se\u00f1ala que en Oaxaca actualmente son 775 personas las que est\u00e1n desaparecidas y no localizadas (del per\u00edodo 1952-2025).<\/p>\n\n\n\n<p>De estas, 49 desaparecieron en San Juan Bautista Tuxtepec, en la regi\u00f3n Cuenca del Papaloapan. Algunos casos datan de los a\u00f1os 2010, 2018, 2023, 2024 y 2025.<\/p>\n\n\n\n<p>Sobre el 2025, la base de datos de la Comisi\u00f3n Nacional de B\u00fasqueda report\u00f3 10 personas desaparecidas y no localizadas en Tuxtepec, pero solamente muestra las fichas de cinco de ellas. Del resto, sus reportes se han clasificado como confidenciales.<\/p>\n\n\n\n<p>\u00abEl car\u00e1cter confidencial se le asigna a un registro a petici\u00f3n espec\u00edfica de la persona que hace el reporte de desaparici\u00f3n o cuando una autoridad primaria as\u00ed lo considera pertinente por razones de seguridad\u00bb, se\u00f1ala la Comisi\u00f3n Nacional de B\u00fasqueda.<\/p>\n","protected":false},"excerpt":{"rendered":"<p>Lisbeth Mej\u00eda Reyes\/Zona Roja. Oaxaca, Oax., a 4 de julio de 2025.- Con al menos&hellip;<\/p>\n","protected":false},"author":2,"featured_media":82069,"comment_status":"closed","ping_status":"open","sticky":false,"template":"","format":"standard","meta":{"_lmt_disableupdate":"","_lmt_disable":"","_jetpack_memberships_contains_paid_content":false,"footnotes":""},"categories":[109,47],"tags":[2303],"class_list":["post-82064","post","type-post","status-publish","format-standard","has-post-thumbnail","hentry","category-minuto-a-minuto","category-zona-gris","tag-hombres-desaparecidos-oaxaca"],"jetpack_featured_media_url":"https:\/\/zonaroja.com.mx\/wp-content\/uploads\/2025\/07\/Personas-no-localizadas-Tuxtepec-Oaxaca.jpg","jetpack_sharing_enabled":true,"_links":{"self":[{"href":"https:\/\/zonaroja.com.mx\/index.php?rest_route=\/wp\/v2\/posts\/82064","targetHints":{"allow":["GET"]}}],"collection":[{"href":"https:\/\/zonaroja.com.mx\/index.php?rest_route=\/wp\/v2\/posts"}],"about":[{"href":"https:\/\/zonaroja.com.mx\/index.php?rest_route=\/wp\/v2\/types\/post"}],"author":[{"embeddable":true,"href":"https:\/\/zonaroja.com.mx\/index.php?rest_route=\/wp\/v2\/users\/2"}],"replies":[{"embeddable":true,"href":"https:\/\/zonaroja.com.mx\/index.php?rest_route=%2Fwp%2Fv2%2Fcomments&post=82064"}],"version-history":[{"count":1,"href":"https:\/\/zonaroja.com.mx\/index.php?rest_route=\/wp\/v2\/posts\/82064\/revisions"}],"predecessor-version":[{"id":82065,"href":"https:\/\/zonaroja.com.mx\/index.php?rest_route=\/wp\/v2\/posts\/82064\/revisions\/82065"}],"wp:featuredmedia":[{"embeddable":true,"href":"https:\/\/zonaroja.com.mx\/index.php?rest_route=\/wp\/v2\/media\/82069"}],"wp:attachment":[{"href":"https:\/\/zonaroja.com.mx\/index.php?rest_route=%2Fwp%2Fv2%2Fmedia&parent=82064"}],"wp:term":[{"taxonomy":"category","embeddable":true,"href":"https:\/\/zonaroja.com.mx\/index.php?rest_route=%2Fwp%2Fv2%2Fcategories&post=82064"},{"taxonomy":"post_tag","embeddable":true,"href":"https:\/\/zonaroja.com.mx\/index.php?rest_route=%2Fwp%2Fv2%2Ftags&post=82064"}],"curies":[{"name":"wp","href":"https:\/\/api.w.org\/{rel}","templated":true}]}}