{"id":82066,"date":"2025-07-04T13:37:00","date_gmt":"2025-07-04T19:37:00","guid":{"rendered":"https:\/\/zonaroja.com.mx\/?p=82066"},"modified":"2025-07-04T09:34:38","modified_gmt":"2025-07-04T15:34:38","slug":"realizan-en-miahuatlan-audiencia-publica-para-atender-a-la-poblacion","status":"publish","type":"post","link":"https:\/\/zonaroja.com.mx\/?p=82066","title":{"rendered":"Realizan en Miahuatl\u00e1n audiencia p\u00fablica para atender a la poblaci\u00f3n\u00a0"},"content":{"rendered":"\n<p>Redacci\u00f3n\/Zona Roja.<\/p>\n\n\n\n<p>Oaxaca, Oax., a 4 de julio de 2025.- Con el objetivo de fortalecer el v\u00ednculo entre gobierno municipal y sociedad, el presidente municipal de Miahuatl\u00e1n de Porfirio D\u00edaz, C\u00e9sar Figueroa Jim\u00e9nez, encabez\u00f3 una audiencia p\u00fablica en la explanada municipal, donde escuch\u00f3 y atendi\u00f3 personalmente las inquietudes de vecinas, vecinos, comerciantes establecidos y vendedores ambulantes.<\/p>\n\n\n\n<p>Durante el encuentro, el edil reafirm\u00f3 su compromiso con una gesti\u00f3n participativa, al se\u00f1alar que el di\u00e1logo directo con la ciudadan\u00eda es clave para construir soluciones reales y eficaces a los retos del municipio.<\/p>\n\n\n\n<p>\u201cCuando escuchamos de frente a la gente, entendemos mejor sus necesidades y podemos actuar con mayor responsabilidad y empat\u00eda. Este gobierno es de puertas abiertas y seguiremos as\u00ed, cercanos a nuestra gente\u201d, expres\u00f3 el edil.<\/p>\n\n\n\n<p>En la audiencia se recibieron diversas propuestas y se ofrecieron respuestas concretas a problem\u00e1ticas relacionadas con el ordenamiento urbano, el comercio y servicios p\u00fablicos. La actividad cont\u00f3 con la participaci\u00f3n de regidoras, regidores y personal del Ayuntamiento.<\/p>\n\n\n\n<p>Finalmente, el presidente municipal agradeci\u00f3 la disposici\u00f3n de la ciudadan\u00eda por acudir y confiar en este ejercicio de di\u00e1logo, reiterando que estas acciones continuar\u00e1n realiz\u00e1ndose de forma peri\u00f3dica en distintas zonas del municipio.<\/p>\n","protected":false},"excerpt":{"rendered":"<p>Redacci\u00f3n\/Zona Roja. Oaxaca, Oax., a 4 de julio de 2025.- Con el objetivo de fortalecer&hellip;<\/p>\n","protected":false},"author":2,"featured_media":82067,"comment_status":"closed","ping_status":"open","sticky":false,"template":"","format":"standard","meta":{"_lmt_disableupdate":"","_lmt_disable":"","_jetpack_memberships_contains_paid_content":false,"footnotes":""},"categories":[109,46],"tags":[4262,169],"class_list":["post-82066","post","type-post","status-publish","format-standard","has-post-thumbnail","hentry","category-minuto-a-minuto","category-zona-blanca","tag-cesar-figueroa-el-chivo","tag-miahuatlan-de-porfirio-diaz"],"jetpack_featured_media_url":"https:\/\/zonaroja.com.mx\/wp-content\/uploads\/2025\/07\/Audiencia-edil-Miahuatlan-Cesar-Figuroa.jpg","jetpack_sharing_enabled":true,"_links":{"self":[{"href":"https:\/\/zonaroja.com.mx\/index.php?rest_route=\/wp\/v2\/posts\/82066","targetHints":{"allow":["GET"]}}],"collection":[{"href":"https:\/\/zonaroja.com.mx\/index.php?rest_route=\/wp\/v2\/posts"}],"about":[{"href":"https:\/\/zonaroja.com.mx\/index.php?rest_route=\/wp\/v2\/types\/post"}],"author":[{"embeddable":true,"href":"https:\/\/zonaroja.com.mx\/index.php?rest_route=\/wp\/v2\/users\/2"}],"replies":[{"embeddable":true,"href":"https:\/\/zonaroja.com.mx\/index.php?rest_route=%2Fwp%2Fv2%2Fcomments&post=82066"}],"version-history":[{"count":1,"href":"https:\/\/zonaroja.com.mx\/index.php?rest_route=\/wp\/v2\/posts\/82066\/revisions"}],"predecessor-version":[{"id":82068,"href":"https:\/\/zonaroja.com.mx\/index.php?rest_route=\/wp\/v2\/posts\/82066\/revisions\/82068"}],"wp:featuredmedia":[{"embeddable":true,"href":"https:\/\/zonaroja.com.mx\/index.php?rest_route=\/wp\/v2\/media\/82067"}],"wp:attachment":[{"href":"https:\/\/zonaroja.com.mx\/index.php?rest_route=%2Fwp%2Fv2%2Fmedia&parent=82066"}],"wp:term":[{"taxonomy":"category","embeddable":true,"href":"https:\/\/zonaroja.com.mx\/index.php?rest_route=%2Fwp%2Fv2%2Fcategories&post=82066"},{"taxonomy":"post_tag","embeddable":true,"href":"https:\/\/zonaroja.com.mx\/index.php?rest_route=%2Fwp%2Fv2%2Ftags&post=82066"}],"curies":[{"name":"wp","href":"https:\/\/api.w.org\/{rel}","templated":true}]}}