{"id":8207,"date":"2020-01-30T08:48:06","date_gmt":"2020-01-30T14:48:06","guid":{"rendered":"http:\/\/www.zonaroja.com.mx\/?p=8207"},"modified":"2020-01-30T08:48:24","modified_gmt":"2020-01-30T14:48:24","slug":"retrocede-1-8-economia-de-oaxaca-en-2019-segun-el-inegi","status":"publish","type":"post","link":"https:\/\/zonaroja.com.mx\/?p=8207","title":{"rendered":"Retrocede 1.8% econom\u00eda de Oaxaca en 2019, seg\u00fan el INEGI"},"content":{"rendered":"\n<p>Redacci\u00f3n\/Zona Roja Cdmx.<\/p>\n\n\n\n<p>Ciudad de M\u00e9xico, 30 de enero de 2020.-\nContrario a las afirmaciones gubernamentales, la econom\u00eda en 14 entidades del\npa\u00eds tuvo un retroceso en los primeros nueve meses del a\u00f1o pasado, en\ncomparaci\u00f3n con el mismo lapso del 2018.<\/p>\n\n\n\n<p>De acuerdo con cifras del Instituto\nNacional de Geograf\u00eda y Estad\u00edstica (INEGI), en la regi\u00f3n sur&#8211;sureste, que\ncomprende las econom\u00edas de Campeche, Chiapas, Oaxaca, Quintana Roo, Tabasco,\nVeracruz y Yucat\u00e1n, ha sido la m\u00e1s afectada, con una ca\u00edda anual acumulada de\n1.8% de enero a septiembre pasados respecto al mismo periodo de 2018.<\/p>\n\n\n\n<p>Le sigue la regi\u00f3n centro, entre ellas la\nCiudad de M\u00e9xico y el Estado de M\u00e9xico, con una contracci\u00f3n de 1.5%. <\/p>\n\n\n\n<p>Seg\u00fan el Indicador Trimestral de la\nActividad Econ\u00f3mica Estatal del INEGI, las entidades que reportaron una mayor\ndisminuci\u00f3n anual acumulada en el periodo enero-septiembre del a\u00f1o pasado\ndestacan Tabasco, con una ca\u00edda de 7.9%.<\/p>\n\n\n\n<p>Asimismo, Baja California Sur, -4.9%;\nEstado de M\u00e9xico, -3%; Chiapas, -2.6%, as\u00ed como Zacatecas y Campeche, con una\ndisminuci\u00f3n de 2.3% cada una. <\/p>\n\n\n\n<p>En contraste, las entidades que\nalcanzaron el mayor crecimiento fueron Tlaxcala, con un alza acumulada de 9.2%;\nColima, 3.8%; Chihuahua, 3.1%; Nuevo Le\u00f3n, 2.7%; Durango, 2.6%, y Baja\nCalifornia, 2.5%.<\/p>\n\n\n\n<p>(Con informaci\u00f3n de \u201cEl Universal\u201d)<\/p>\n","protected":false},"excerpt":{"rendered":"<p>Redacci\u00f3n\/Zona Roja Cdmx. Ciudad de M\u00e9xico, 30 de enero de 2020.- Contrario a las afirmaciones&hellip;<\/p>\n","protected":false},"author":2,"featured_media":8208,"comment_status":"closed","ping_status":"open","sticky":false,"template":"","format":"standard","meta":{"_lmt_disableupdate":"","_lmt_disable":"","_jetpack_memberships_contains_paid_content":false,"footnotes":""},"categories":[109,47],"tags":[1331],"class_list":["post-8207","post","type-post","status-publish","format-standard","has-post-thumbnail","hentry","category-minuto-a-minuto","category-zona-gris","tag-instituto-nacional-de-geografia-y-estadistica-inegi"],"jetpack_featured_media_url":"https:\/\/zonaroja.com.mx\/wp-content\/uploads\/2020\/01\/econom\u00eda.jpg","jetpack_sharing_enabled":true,"_links":{"self":[{"href":"https:\/\/zonaroja.com.mx\/index.php?rest_route=\/wp\/v2\/posts\/8207","targetHints":{"allow":["GET"]}}],"collection":[{"href":"https:\/\/zonaroja.com.mx\/index.php?rest_route=\/wp\/v2\/posts"}],"about":[{"href":"https:\/\/zonaroja.com.mx\/index.php?rest_route=\/wp\/v2\/types\/post"}],"author":[{"embeddable":true,"href":"https:\/\/zonaroja.com.mx\/index.php?rest_route=\/wp\/v2\/users\/2"}],"replies":[{"embeddable":true,"href":"https:\/\/zonaroja.com.mx\/index.php?rest_route=%2Fwp%2Fv2%2Fcomments&post=8207"}],"version-history":[{"count":1,"href":"https:\/\/zonaroja.com.mx\/index.php?rest_route=\/wp\/v2\/posts\/8207\/revisions"}],"predecessor-version":[{"id":8209,"href":"https:\/\/zonaroja.com.mx\/index.php?rest_route=\/wp\/v2\/posts\/8207\/revisions\/8209"}],"wp:featuredmedia":[{"embeddable":true,"href":"https:\/\/zonaroja.com.mx\/index.php?rest_route=\/wp\/v2\/media\/8208"}],"wp:attachment":[{"href":"https:\/\/zonaroja.com.mx\/index.php?rest_route=%2Fwp%2Fv2%2Fmedia&parent=8207"}],"wp:term":[{"taxonomy":"category","embeddable":true,"href":"https:\/\/zonaroja.com.mx\/index.php?rest_route=%2Fwp%2Fv2%2Fcategories&post=8207"},{"taxonomy":"post_tag","embeddable":true,"href":"https:\/\/zonaroja.com.mx\/index.php?rest_route=%2Fwp%2Fv2%2Ftags&post=8207"}],"curies":[{"name":"wp","href":"https:\/\/api.w.org\/{rel}","templated":true}]}}