{"id":82070,"date":"2025-07-04T19:43:09","date_gmt":"2025-07-05T01:43:09","guid":{"rendered":"https:\/\/zonaroja.com.mx\/?p=82070"},"modified":"2025-07-04T19:43:11","modified_gmt":"2025-07-05T01:43:11","slug":"regresa-crimen-a-la-central-de-abasto-de-oaxaca-ya-hay-un-detenido","status":"publish","type":"post","link":"https:\/\/zonaroja.com.mx\/?p=82070","title":{"rendered":"Regresa crimen a la Central de Abasto de Oaxaca; ya hay un detenido"},"content":{"rendered":"\n<p>Raymundo Morales\/Zona Roja.<\/p>\n\n\n\n<p>Oaxaca de Ju\u00e1rez, Oax., a 4 de julio de 2025.- A escasas horas de un nuevo operativo \u201cPescador\u201d, una persona del sexo masculino fue asesinada a balazos en la Central de Abasto de la ciudad de Oaxaca.<\/p>\n\n\n\n<p>Seg\u00fan el reporte de que dio el secretario de Seguridad y Protecci\u00f3n Ciudadana estatal, Iv\u00e1n Garc\u00eda \u00c1lvarez, fueron tres sujetos los agresores en los hecho ocurridos minutos despu\u00e9s de las 08:00 horas en el pasillo \u201cN\u201d, frente a un local.<\/p>\n\n\n\n<p>La v\u00edctima fue identificada como \u201cEl Rubio\u201d, presunto asaltante en la zona, quien se hallaba junto con un individuo originario de Puebla, quien atestigu\u00f3 los hechos; dos de los agresores fueron identificados como \u201cEl Catracho\u201d y \u201cEl Barbas\u201d, as\u00ed como otra persona no identificada.<\/p>\n\n\n\n<p>Tras ello arribaron elementos policiacos quienes acordonaron la zona mientras peritos y elementos de la Agencia Estatal de Investigaciones (AEI) efectuaba las labores ministeriales correspondientes.<\/p>\n\n\n\n<p>Posteriormente, la Fiscal\u00eda General del Estado confirm\u00f3 la aprehensi\u00f3n de un individuo, conocido como \u201cEl Barbas\u201d, de iniciales L. A. P. T., tras un intenso operativo efectuado con corporaciones policiacas de los res niveles.<\/p>\n\n\n\n<p>Confirm\u00f3 que los hechos ocurrieron la ma\u00f1ana de este viernes 4 de julio de 2025, en pasillos del Mercado de Abasto donde presumiblemente fueron tres personas, quienes agredieron con disparos de arma de fuego a la v\u00edctima identificada como F.S.G., quien sufri\u00f3 lesiones a consecuencia de las cuales perdi\u00f3 la vida.<\/p>\n\n\n\n<figure class=\"wp-block-embed is-type-rich is-provider-twitter wp-block-embed-twitter\"><div class=\"wp-block-embed__wrapper\">\n<div class=\"twitter-tweet\"><blockquote class=\"twitter-tweet\" data-lang=\"es\"><p lang=\"es\" dir=\"ltr\"><a href=\"https:\/\/twitter.com\/hashtag\/%C3%9AltimoMinuto?src=hash&amp;ref_src=twsrc%5Etfw\">#\u00daltimoMinuto<\/a><br>Una persona fue asesinada esta ma\u00f1ana en la Central de Abasto de la ciudad de <a href=\"https:\/\/twitter.com\/hashtag\/Oaxaca?src=hash&amp;ref_src=twsrc%5Etfw\">#Oaxaca<\/a>, al parecer por disparos de arma de fuego; corporaciones policiacas se encuentran en la zona. <a href=\"https:\/\/t.co\/C7gE5H2Pg9\">pic.twitter.com\/C7gE5H2Pg9<\/a><\/p>&mdash; Zona Roja Oaxaca (@ZonaRoja_Oaxaca) <a href=\"https:\/\/twitter.com\/ZonaRoja_Oaxaca\/status\/1941152229505040772?ref_src=twsrc%5Etfw\">4 de julio de 2025<\/a><\/blockquote><\/div>\n<\/div><\/figure>\n","protected":false},"excerpt":{"rendered":"<p>Raymundo Morales\/Zona Roja. Oaxaca de Ju\u00e1rez, Oax., a 4 de julio de 2025.- A escasas&hellip;<\/p>\n","protected":false},"author":2,"featured_media":82071,"comment_status":"closed","ping_status":"open","sticky":false,"template":"","format":"standard","meta":{"_lmt_disableupdate":"","_lmt_disable":"","_jetpack_memberships_contains_paid_content":false,"footnotes":""},"categories":[109,51],"tags":[1168],"class_list":["post-82070","post","type-post","status-publish","format-standard","has-post-thumbnail","hentry","category-minuto-a-minuto","category-zona-roja","tag-central-de-abasto-ciudad-de-oaxaca"],"jetpack_featured_media_url":"https:\/\/zonaroja.com.mx\/wp-content\/uploads\/2025\/07\/Asesinado-Central-de-Abasto-de-la-ciudad-de-Oaxaca.jpeg","jetpack_sharing_enabled":true,"_links":{"self":[{"href":"https:\/\/zonaroja.com.mx\/index.php?rest_route=\/wp\/v2\/posts\/82070","targetHints":{"allow":["GET"]}}],"collection":[{"href":"https:\/\/zonaroja.com.mx\/index.php?rest_route=\/wp\/v2\/posts"}],"about":[{"href":"https:\/\/zonaroja.com.mx\/index.php?rest_route=\/wp\/v2\/types\/post"}],"author":[{"embeddable":true,"href":"https:\/\/zonaroja.com.mx\/index.php?rest_route=\/wp\/v2\/users\/2"}],"replies":[{"embeddable":true,"href":"https:\/\/zonaroja.com.mx\/index.php?rest_route=%2Fwp%2Fv2%2Fcomments&post=82070"}],"version-history":[{"count":1,"href":"https:\/\/zonaroja.com.mx\/index.php?rest_route=\/wp\/v2\/posts\/82070\/revisions"}],"predecessor-version":[{"id":82072,"href":"https:\/\/zonaroja.com.mx\/index.php?rest_route=\/wp\/v2\/posts\/82070\/revisions\/82072"}],"wp:featuredmedia":[{"embeddable":true,"href":"https:\/\/zonaroja.com.mx\/index.php?rest_route=\/wp\/v2\/media\/82071"}],"wp:attachment":[{"href":"https:\/\/zonaroja.com.mx\/index.php?rest_route=%2Fwp%2Fv2%2Fmedia&parent=82070"}],"wp:term":[{"taxonomy":"category","embeddable":true,"href":"https:\/\/zonaroja.com.mx\/index.php?rest_route=%2Fwp%2Fv2%2Fcategories&post=82070"},{"taxonomy":"post_tag","embeddable":true,"href":"https:\/\/zonaroja.com.mx\/index.php?rest_route=%2Fwp%2Fv2%2Ftags&post=82070"}],"curies":[{"name":"wp","href":"https:\/\/api.w.org\/{rel}","templated":true}]}}