{"id":82073,"date":"2025-07-04T20:51:15","date_gmt":"2025-07-05T02:51:15","guid":{"rendered":"https:\/\/zonaroja.com.mx\/?p=82073"},"modified":"2025-07-04T20:51:18","modified_gmt":"2025-07-05T02:51:18","slug":"que-no-fue-cobro-de-piso-incendio-de-locales-en-juchitan","status":"publish","type":"post","link":"https:\/\/zonaroja.com.mx\/?p=82073","title":{"rendered":"\u00bfQue no fue \u201ccobro de piso\u201d incendio de locales en Juchit\u00e1n?"},"content":{"rendered":"\n<p>Ismael Garc\u00eda M.\/Zona Roja.<\/p>\n\n\n\n<p>Oaxaca, Oax., a 4 de julio de 2025.- Al menos dos locales comerciales fueron incendiados en el centro del municipio de Juchit\u00e1n de Zaragoza, en la regi\u00f3n del Istmo.<\/p>\n\n\n\n<p>En las primeras horas, se especul\u00f3 que la conflagraci\u00f3n habr\u00eda sido por negarse a pagar \u201cderecho de piso\u201d, como ha sucedido en ocasiones anteriores en esa ciudad istme\u00f1a; particularmente el 16 de junio pasado, en que quemaron dos tiendas Oxxo.<\/p>\n\n\n\n<p>La versi\u00f3n del incendio provocado fue confirmada la ma\u00f1ana de hoy por el secretario de Seguridad y Protecci\u00f3n Ciudadana, Iv\u00e1n Garc\u00eda \u00c1lvarez, durante una conferencia de prensa en el Palacio de Gobierno:<\/p>\n\n\n\n<p>\u201cEn entrevista con vecinos del lugar, manifestaron que el responsable del incendio se trata de una persona del sexo masculino que arroj\u00f3 un objeto encendido, al parecer una bomba molotov hacia el local, d\u00e1ndose a la fuga a bordo de una motocicleta.<\/p>\n\n\n\n<p>\u201cDefinitivo, s\u00ed, afirmativo, sucede por evento de extorsi\u00f3n; hay una estrategia en esa zona y cuando se dan este tipo de eventos, de inmediato tanto Fiscal\u00eda como los \u00f3rganos de b\u00fasqueda se tiene que determinar los blancos a seguir, desmantelar, para llegar a las detenciones\u201d.<\/p>\n\n\n\n<p>El hecho ocurri\u00f3 a las 02:44 horas &nbsp;en un local de pl\u00e1sticos en la calle Efra\u00edn R. G\u00f3mez, en el Centro, pero se extendi\u00f3 a otro local; elementos del Cuerpo de Bomberos sofocaron el fuego y s\u00f3lo se registraron da\u00f1os materiales.<\/p>\n\n\n\n<p>Sin embargo, tras las declaraciones, la Fiscal\u00eda General del Estado emiti\u00f3 un comunicado para precisar:<\/p>\n\n\n\n<p>\u201cRespecto al incendio ocurrido la madrugada de este viernes, 4 de julio de 2025, en el Centro de Juchit\u00e1n de Zaragoza, la Fiscal\u00eda General del Estado de Oaxaca (FGEO) descart\u00f3 que se trate de una agresi\u00f3n o ataque a este inmueble, luego de realizar los primeros peritajes y trabajos ministeriales.<\/p>\n\n\n\n<p>\u201cEn tanto que, la FGEO ya estableci\u00f3 contacto con la persona propietaria del local comercial localizado en la avenida Efra\u00edn R. G\u00f3mez, en el Centro de Juchit\u00e1n, quien confirm\u00f3 que no ha recibido ning\u00fan tipo de amenazas ni ha sido v\u00edctima de extorsi\u00f3n, en tanto que se profundiza en las declaraciones para establecer el origen de este incidente.&nbsp;<\/p>\n\n\n\n<p>\u201cLuego de recibir el reporte sobre el incendio, la FGEO, a trav\u00e9s de la Vicefiscal\u00eda Regional del Istmo, intervino de manera inmediata, estableciendo que las cortinas del local estaban cerradas y el fuego se registraba al interior del local, adem\u00e1s que, los primeros trabajos periciales sugieren que se trat\u00f3 de un accidente, por lo que se llevan a cabo los trabajos cient\u00edficos para corroborarlo\u201d.<\/p>\n","protected":false},"excerpt":{"rendered":"<p>Ismael Garc\u00eda M.\/Zona Roja. Oaxaca, Oax., a 4 de julio de 2025.- Al menos dos&hellip;<\/p>\n","protected":false},"author":2,"featured_media":82074,"comment_status":"closed","ping_status":"open","sticky":false,"template":"","format":"standard","meta":{"_lmt_disableupdate":"","_lmt_disable":"","_jetpack_memberships_contains_paid_content":false,"footnotes":""},"categories":[109,47],"tags":[123],"class_list":["post-82073","post","type-post","status-publish","format-standard","has-post-thumbnail","hentry","category-minuto-a-minuto","category-zona-gris","tag-juchitan-de-zaragoza"],"jetpack_featured_media_url":"https:\/\/zonaroja.com.mx\/wp-content\/uploads\/2025\/07\/incendio-locales-Juchitan.jpeg","jetpack_sharing_enabled":true,"_links":{"self":[{"href":"https:\/\/zonaroja.com.mx\/index.php?rest_route=\/wp\/v2\/posts\/82073","targetHints":{"allow":["GET"]}}],"collection":[{"href":"https:\/\/zonaroja.com.mx\/index.php?rest_route=\/wp\/v2\/posts"}],"about":[{"href":"https:\/\/zonaroja.com.mx\/index.php?rest_route=\/wp\/v2\/types\/post"}],"author":[{"embeddable":true,"href":"https:\/\/zonaroja.com.mx\/index.php?rest_route=\/wp\/v2\/users\/2"}],"replies":[{"embeddable":true,"href":"https:\/\/zonaroja.com.mx\/index.php?rest_route=%2Fwp%2Fv2%2Fcomments&post=82073"}],"version-history":[{"count":1,"href":"https:\/\/zonaroja.com.mx\/index.php?rest_route=\/wp\/v2\/posts\/82073\/revisions"}],"predecessor-version":[{"id":82075,"href":"https:\/\/zonaroja.com.mx\/index.php?rest_route=\/wp\/v2\/posts\/82073\/revisions\/82075"}],"wp:featuredmedia":[{"embeddable":true,"href":"https:\/\/zonaroja.com.mx\/index.php?rest_route=\/wp\/v2\/media\/82074"}],"wp:attachment":[{"href":"https:\/\/zonaroja.com.mx\/index.php?rest_route=%2Fwp%2Fv2%2Fmedia&parent=82073"}],"wp:term":[{"taxonomy":"category","embeddable":true,"href":"https:\/\/zonaroja.com.mx\/index.php?rest_route=%2Fwp%2Fv2%2Fcategories&post=82073"},{"taxonomy":"post_tag","embeddable":true,"href":"https:\/\/zonaroja.com.mx\/index.php?rest_route=%2Fwp%2Fv2%2Ftags&post=82073"}],"curies":[{"name":"wp","href":"https:\/\/api.w.org\/{rel}","templated":true}]}}