{"id":82079,"date":"2025-07-05T07:32:00","date_gmt":"2025-07-05T13:32:00","guid":{"rendered":"https:\/\/zonaroja.com.mx\/?p=82079"},"modified":"2025-07-05T06:35:49","modified_gmt":"2025-07-05T12:35:49","slug":"era-dirigente-de-taxistas-el-ejecutado-en-salina-cruz","status":"publish","type":"post","link":"https:\/\/zonaroja.com.mx\/?p=82079","title":{"rendered":"Era dirigente de taxistas el ejecutado en Salina Cruz"},"content":{"rendered":"\n<p>Raymundo Morales\/Zona Roja.<\/p>\n\n\n\n<p>Oaxaca, Oax., a 5 de julio de 2025.- Como Jes\u00fas Alberto C. G., alias \u201cMarino Loco\u201d, dirigente del sitio de taxis \u201cLibre Guardianes\u201d fue identificada la persona ejecutada anoche en el municipio de Salina Cruz.<\/p>\n\n\n\n<p>El crimen se perpetr\u00f3 alrededor de las 22:00 horas cuando el ruletero transitaba con su unidad de alquiler con n\u00famero econ\u00f3mico 009 sobre la avenida Oleoducto, fue atacado a balazos.<\/p>\n\n\n\n<p>Presuntamente fueron sujetos a bordo de una motocicleta quienes le dieron alcance, le dispararon de manera directa, tras lo cual se dieron a la fuga.<\/p>\n\n\n\n<p>Personal param\u00e9dico arrib\u00f3 al sitio para brindar los primeros auxilios, pero corrobor\u00f3 que ya no contaba con signos vitales, por lo cual polic\u00edas municipales acordonaron la zona.<\/p>\n\n\n\n<p>Posteriormente personal de la Vicefiscal\u00eda Regional del Istmo, de la Fiscal\u00eda General del Estado de Oaxaca, efectu\u00f3 las primeras indagatorias y el levantamiento de los indicios.<\/p>\n\n\n\n<p>Hasta el momento se desconoce qui\u00e9n o qui\u00e9nes habr\u00edan sido los autores del asesinato, as\u00ed como los motivos que hubiera contra el taxista.<\/p>\n","protected":false},"excerpt":{"rendered":"<p>Raymundo Morales\/Zona Roja. Oaxaca, Oax., a 5 de julio de 2025.- Como Jes\u00fas Alberto C.&hellip;<\/p>\n","protected":false},"author":2,"featured_media":82081,"comment_status":"closed","ping_status":"open","sticky":false,"template":"","format":"standard","meta":{"_lmt_disableupdate":"","_lmt_disable":"","_jetpack_memberships_contains_paid_content":false,"footnotes":""},"categories":[109,51],"tags":[4053],"class_list":["post-82079","post","type-post","status-publish","format-standard","has-post-thumbnail","hentry","category-minuto-a-minuto","category-zona-roja","tag-asesinato-salina-cruz"],"jetpack_featured_media_url":"https:\/\/zonaroja.com.mx\/wp-content\/uploads\/2025\/07\/Taxista-asesinado-4-julio-Salina-Cruz.jpg","jetpack_sharing_enabled":true,"_links":{"self":[{"href":"https:\/\/zonaroja.com.mx\/index.php?rest_route=\/wp\/v2\/posts\/82079","targetHints":{"allow":["GET"]}}],"collection":[{"href":"https:\/\/zonaroja.com.mx\/index.php?rest_route=\/wp\/v2\/posts"}],"about":[{"href":"https:\/\/zonaroja.com.mx\/index.php?rest_route=\/wp\/v2\/types\/post"}],"author":[{"embeddable":true,"href":"https:\/\/zonaroja.com.mx\/index.php?rest_route=\/wp\/v2\/users\/2"}],"replies":[{"embeddable":true,"href":"https:\/\/zonaroja.com.mx\/index.php?rest_route=%2Fwp%2Fv2%2Fcomments&post=82079"}],"version-history":[{"count":1,"href":"https:\/\/zonaroja.com.mx\/index.php?rest_route=\/wp\/v2\/posts\/82079\/revisions"}],"predecessor-version":[{"id":82082,"href":"https:\/\/zonaroja.com.mx\/index.php?rest_route=\/wp\/v2\/posts\/82079\/revisions\/82082"}],"wp:featuredmedia":[{"embeddable":true,"href":"https:\/\/zonaroja.com.mx\/index.php?rest_route=\/wp\/v2\/media\/82081"}],"wp:attachment":[{"href":"https:\/\/zonaroja.com.mx\/index.php?rest_route=%2Fwp%2Fv2%2Fmedia&parent=82079"}],"wp:term":[{"taxonomy":"category","embeddable":true,"href":"https:\/\/zonaroja.com.mx\/index.php?rest_route=%2Fwp%2Fv2%2Fcategories&post=82079"},{"taxonomy":"post_tag","embeddable":true,"href":"https:\/\/zonaroja.com.mx\/index.php?rest_route=%2Fwp%2Fv2%2Ftags&post=82079"}],"curies":[{"name":"wp","href":"https:\/\/api.w.org\/{rel}","templated":true}]}}