{"id":82083,"date":"2025-07-05T08:45:00","date_gmt":"2025-07-05T14:45:00","guid":{"rendered":"https:\/\/zonaroja.com.mx\/?p=82083"},"modified":"2025-07-05T07:04:43","modified_gmt":"2025-07-05T13:04:43","slug":"catean-locales-de-venta-de-celulares-en-la-central-de-abasto-de-oaxaca","status":"publish","type":"post","link":"https:\/\/zonaroja.com.mx\/?p=82083","title":{"rendered":"Catean locales de venta de celulares en la Central de Abasto de Oaxaca\u00a0"},"content":{"rendered":"\n<p>Redacci\u00f3n\/Zona Roja.&nbsp;<\/p>\n\n\n\n<p>Oaxaca, Oax., a 5 de julio de 2025.- En su segunda fase, el operativo \u201cPescador\u201d se fue contra vendedores de tel\u00e9fonos celulares y otros dispositivos electr\u00f3nicos, en locales de la Central de Abasto de la ciudad de Oaxaca.<\/p>\n\n\n\n<p>Despu\u00e9s del mediod\u00eda se implement\u00f3 el dispositivo coordinado por la Fiscal\u00eda General del Estado de Oaxaca y en que participaron fuerzas estatales y municipal de Oaxaca de Ju\u00e1rez, con la participaci\u00f3n de m\u00e1s de mil elementos.<\/p>\n\n\n\n<p>En esta segunda etapa del operativo \u201cPescador\u201d se busca reforzar las labores de seguridad en las calles y pasillos que forman parte de la Central de Abasto y sus alrededores, principalmente en locales donde se tienen reportes de venta de objetos robados, principalmente dispositivos electr\u00f3nicos y relojes, inform\u00f3 la Fiscal\u00eda.<\/p>\n\n\n\n<p>Adem\u00e1s, que este dispositivo de seguridad es una respuesta inmediata para robustecer las investigaciones en torno al homicidio cometido la ma\u00f1ana de este viernes en pasillos de este centro comercial, seg\u00fan detall\u00f3.<\/p>\n\n\n\n<p>Luego de realizar los an\u00e1lisis de datos obtenidos luego de las primeras acciones, tambi\u00e9n se realizaron trabajos de inteligencia criminal para focalizar los esfuerzos en las zonas con mayor n\u00famero de reportes de incidencia delictiva.<\/p>\n\n\n\n<p>Con la colaboraci\u00f3n interinstitucional se busca dar una atenci\u00f3n integral a las causas del fen\u00f3meno delictivo en la zona para restaurar el orden y la seguridad para los comerciantes y clientes, as\u00ed como la ciudadan\u00eda en general.<\/p>\n\n\n\n<figure class=\"wp-block-embed is-type-rich is-provider-twitter wp-block-embed-twitter\"><div class=\"wp-block-embed__wrapper\">\n<div class=\"twitter-tweet\"><blockquote class=\"twitter-tweet\" data-lang=\"es\"><p lang=\"es\" dir=\"ltr\"><a href=\"https:\/\/twitter.com\/hashtag\/%C3%9AltimoMinuto?src=hash&amp;ref_src=twsrc%5Etfw\">#\u00daltimoMinuto<\/a><br>Coordinado por la <a href=\"https:\/\/twitter.com\/FISCALIA_GobOax?ref_src=twsrc%5Etfw\">@FISCALIA_GobOax<\/a>, en este momento se aplica de nuevo el operativo \u201cPescador\u201d en la Central de Abasto de la ciudad de Oaxaca, en que participan corporaciones federales, de la <a href=\"https:\/\/twitter.com\/SSPC_GobOax?ref_src=twsrc%5Etfw\">@SSPC_GobOax<\/a> y del <a href=\"https:\/\/twitter.com\/MunicipioOaxaca?ref_src=twsrc%5Etfw\">@MunicipioOaxaca<\/a>. <a href=\"https:\/\/t.co\/d3ViIf4Jrr\">pic.twitter.com\/d3ViIf4Jrr<\/a><\/p>&mdash; Zona Roja Oaxaca (@ZonaRoja_Oaxaca) <a href=\"https:\/\/twitter.com\/ZonaRoja_Oaxaca\/status\/1941221025565507697?ref_src=twsrc%5Etfw\">4 de julio de 2025<\/a><\/blockquote><\/div>\n<\/div><\/figure>\n","protected":false},"excerpt":{"rendered":"<p>Redacci\u00f3n\/Zona Roja.&nbsp; Oaxaca, Oax., a 5 de julio de 2025.- En su segunda fase, el&hellip;<\/p>\n","protected":false},"author":2,"featured_media":82084,"comment_status":"closed","ping_status":"open","sticky":false,"template":"","format":"standard","meta":{"_lmt_disableupdate":"","_lmt_disable":"","_jetpack_memberships_contains_paid_content":false,"footnotes":""},"categories":[109,46],"tags":[494],"class_list":["post-82083","post","type-post","status-publish","format-standard","has-post-thumbnail","hentry","category-minuto-a-minuto","category-zona-blanca","tag-fiscalia-general-del-estado-de-oaxaca"],"jetpack_featured_media_url":"https:\/\/zonaroja.com.mx\/wp-content\/uploads\/2025\/07\/Operativo-Pescador-Central-de-Abasto.jpeg","jetpack_sharing_enabled":true,"_links":{"self":[{"href":"https:\/\/zonaroja.com.mx\/index.php?rest_route=\/wp\/v2\/posts\/82083","targetHints":{"allow":["GET"]}}],"collection":[{"href":"https:\/\/zonaroja.com.mx\/index.php?rest_route=\/wp\/v2\/posts"}],"about":[{"href":"https:\/\/zonaroja.com.mx\/index.php?rest_route=\/wp\/v2\/types\/post"}],"author":[{"embeddable":true,"href":"https:\/\/zonaroja.com.mx\/index.php?rest_route=\/wp\/v2\/users\/2"}],"replies":[{"embeddable":true,"href":"https:\/\/zonaroja.com.mx\/index.php?rest_route=%2Fwp%2Fv2%2Fcomments&post=82083"}],"version-history":[{"count":1,"href":"https:\/\/zonaroja.com.mx\/index.php?rest_route=\/wp\/v2\/posts\/82083\/revisions"}],"predecessor-version":[{"id":82085,"href":"https:\/\/zonaroja.com.mx\/index.php?rest_route=\/wp\/v2\/posts\/82083\/revisions\/82085"}],"wp:featuredmedia":[{"embeddable":true,"href":"https:\/\/zonaroja.com.mx\/index.php?rest_route=\/wp\/v2\/media\/82084"}],"wp:attachment":[{"href":"https:\/\/zonaroja.com.mx\/index.php?rest_route=%2Fwp%2Fv2%2Fmedia&parent=82083"}],"wp:term":[{"taxonomy":"category","embeddable":true,"href":"https:\/\/zonaroja.com.mx\/index.php?rest_route=%2Fwp%2Fv2%2Fcategories&post=82083"},{"taxonomy":"post_tag","embeddable":true,"href":"https:\/\/zonaroja.com.mx\/index.php?rest_route=%2Fwp%2Fv2%2Ftags&post=82083"}],"curies":[{"name":"wp","href":"https:\/\/api.w.org\/{rel}","templated":true}]}}