{"id":82086,"date":"2025-07-05T09:45:00","date_gmt":"2025-07-05T15:45:00","guid":{"rendered":"https:\/\/zonaroja.com.mx\/?p=82086"},"modified":"2025-07-05T07:08:34","modified_gmt":"2025-07-05T13:08:34","slug":"trata-de-personas-un-problema-que-afecta-a-ninas-ninos-y-adolescentes","status":"publish","type":"post","link":"https:\/\/zonaroja.com.mx\/?p=82086","title":{"rendered":"Trata de personas, un problema que afecta a ni\u00f1as, ni\u00f1os y adolescentes\u00a0"},"content":{"rendered":"\n<p>Lisbeth Mej\u00eda Reyes\/Zona Roja.<\/p>\n\n\n\n<p>Oaxaca, Oax., a 5 de julio de 2025.- Aun cuando M\u00e9xico es parte de convenios internacionales para garantizar los derechos de las ni\u00f1as, ni\u00f1os y ni\u00f1os, la trata de personas es un problema que ha alcanzado a este sector de la poblaci\u00f3n y en el que el estado de Oaxaca no ha quedado exento.<\/p>\n\n\n\n<p>A partir de los datos del Secretariado Ejecutivo del Sistema Nacional de Seguridad P\u00fablica (SESNSP), la Red por los Derechos de la Infancia en M\u00e9xico (Redim) ha registrado dos mil 935 personas de 0 a 17 a\u00f1os (mil 940 mujeres y 656 hombres) que han sido v\u00edctimas de trata de personas en M\u00e9xico de enero de 2015 a mayo de 2025.<\/p>\n\n\n\n<p>De estas v\u00edctimas, 378 corresponden al a\u00f1o 2024 (293 son mujeres y 85 hombres) y 146 al periodo de enero -mayo de 2025 (111 mujeres y 35 hombres).<\/p>\n\n\n\n<p>Las cifras muestran que las m\u00e1s afectadas son las ni\u00f1as y adolescentes.<\/p>\n\n\n\n<p>Adem\u00e1s de que a nivel nacional, el Estado de M\u00e9xico ocup\u00f3 el primer lugar en 2024, con 93 casos; Quintana Roo, el segundo, con 80 casos, y Ciudad de M\u00e9xico, el tercero, con 41.Para ese a\u00f1o, Oaxaca report\u00f3 12 casos: 9 hombres y 3 mujeres, lo que coloc\u00f3 al estado en el noveno sitio nacional de la problem\u00e1tica.<\/p>\n\n\n\n<p>Recientemente, la familia de la adolescente Ruth Milagros Hern\u00e1ndez denunci\u00f3 omisiones de la Vicefiscal\u00eda regional de la Cuenca, por lo que teme que la menor de 14 a\u00f1os sea v\u00edctima de trata.<\/p>\n\n\n\n<p>Ruth fue vista por \u00faltima vez el 16 de noviembre de 2024. Su madre acudi\u00f3 ese mismo d\u00eda a poner la denuncia sobre el caso, sin embargo, se\u00f1ala que la ministerio p\u00fablico Estefany Avenda\u00f1o Gonz\u00e1lez y dem\u00e1s personal de la vice fiscal\u00eda incurri\u00f3 en varias omisiones e incluso minimiz\u00f3 el caso argumentando que la menor \u00abse fue con el novio\u00bb.<\/p>\n\n\n\n<p>Adem\u00e1s, la alerta Amber por el caso de Ruth fue emitida 4 meses despu\u00e9s, en marzo.<\/p>\n\n\n\n<p>La madre y hermana de Ruth temen que haya sido trasladada de Oaxaca a Veracruz y sea v\u00edctima de trata por parte de \u00c1ngel Bautista L\u00f3pez (o Gustavo \u00c1ngel Bautista L\u00f3pez) y el padre de este, Paciano Bautista Antonio, a quienes acusan como responsables de su desaparici\u00f3n.<\/p>\n\n\n\n<p>Entre enero y mayo de 2025, en Veracruz se han reportado 2 casos de trata de ni\u00f1as ni\u00f1os y adolescentes de 0 a 17 a\u00f1os de edad. En 2024, tambi\u00e9n se registraron 2, de acuerdo con datos del Secretariado Ejecutivo del Sistema Nacional de Seguridad P\u00fablica.<\/p>\n\n\n\n<p>Miriam Velasco, integrante del Centro de Derechos Humanos y Asesor\u00eda a Pueblos Ind\u00edgenas (Cedhapi), asociaci\u00f3n civil, se\u00f1al\u00f3 que el estado de Veracruz se encuentra en los primeros cinco lugares con m\u00e1s incidencia de la trata de personas, tanto de menores de edad como de adultos.<\/p>\n\n\n\n<p>\u00abLa trata de personas es toda aquella explotaci\u00f3n de personas con fines no solamente sexuales sino de esclavitud\u00bb, explica la abogada que acompa\u00f1a el caso de Ruth. Adem\u00e1s, se\u00f1ala que los tratantes captan a la v\u00edctimas a trav\u00e9s de diversos mecanismos como el enamoramiento y para lo cual tambi\u00e9n se valen de las situaciones de vulnerabilidad de las personas.<\/p>\n","protected":false},"excerpt":{"rendered":"<p>Lisbeth Mej\u00eda Reyes\/Zona Roja. Oaxaca, Oax., a 5 de julio de 2025.- Aun cuando M\u00e9xico&hellip;<\/p>\n","protected":false},"author":2,"featured_media":68108,"comment_status":"closed","ping_status":"open","sticky":false,"template":"","format":"standard","meta":{"_lmt_disableupdate":"","_lmt_disable":"","_jetpack_memberships_contains_paid_content":false,"footnotes":""},"categories":[109,47],"tags":[431],"class_list":["post-82086","post","type-post","status-publish","format-standard","has-post-thumbnail","hentry","category-minuto-a-minuto","category-zona-gris","tag-trata-de-personas-en-oaxaca"],"jetpack_featured_media_url":"https:\/\/zonaroja.com.mx\/wp-content\/uploads\/2024\/05\/Trata-de-personas-2.jpeg","jetpack_sharing_enabled":true,"_links":{"self":[{"href":"https:\/\/zonaroja.com.mx\/index.php?rest_route=\/wp\/v2\/posts\/82086","targetHints":{"allow":["GET"]}}],"collection":[{"href":"https:\/\/zonaroja.com.mx\/index.php?rest_route=\/wp\/v2\/posts"}],"about":[{"href":"https:\/\/zonaroja.com.mx\/index.php?rest_route=\/wp\/v2\/types\/post"}],"author":[{"embeddable":true,"href":"https:\/\/zonaroja.com.mx\/index.php?rest_route=\/wp\/v2\/users\/2"}],"replies":[{"embeddable":true,"href":"https:\/\/zonaroja.com.mx\/index.php?rest_route=%2Fwp%2Fv2%2Fcomments&post=82086"}],"version-history":[{"count":1,"href":"https:\/\/zonaroja.com.mx\/index.php?rest_route=\/wp\/v2\/posts\/82086\/revisions"}],"predecessor-version":[{"id":82087,"href":"https:\/\/zonaroja.com.mx\/index.php?rest_route=\/wp\/v2\/posts\/82086\/revisions\/82087"}],"wp:featuredmedia":[{"embeddable":true,"href":"https:\/\/zonaroja.com.mx\/index.php?rest_route=\/wp\/v2\/media\/68108"}],"wp:attachment":[{"href":"https:\/\/zonaroja.com.mx\/index.php?rest_route=%2Fwp%2Fv2%2Fmedia&parent=82086"}],"wp:term":[{"taxonomy":"category","embeddable":true,"href":"https:\/\/zonaroja.com.mx\/index.php?rest_route=%2Fwp%2Fv2%2Fcategories&post=82086"},{"taxonomy":"post_tag","embeddable":true,"href":"https:\/\/zonaroja.com.mx\/index.php?rest_route=%2Fwp%2Fv2%2Ftags&post=82086"}],"curies":[{"name":"wp","href":"https:\/\/api.w.org\/{rel}","templated":true}]}}