{"id":82091,"date":"2025-07-05T11:18:00","date_gmt":"2025-07-05T17:18:00","guid":{"rendered":"https:\/\/zonaroja.com.mx\/?p=82091"},"modified":"2025-07-05T07:26:20","modified_gmt":"2025-07-05T13:26:20","slug":"llega-la-canicula-otra-vez-olas-de-calor","status":"publish","type":"post","link":"https:\/\/zonaroja.com.mx\/?p=82091","title":{"rendered":"Llega la can\u00edcula; \u00bfotra vez olas de calor?"},"content":{"rendered":"\n<p>Redacci\u00f3n\/Zona Roja Cdmx.<\/p>\n\n\n\n<p>Ciudad de M\u00e9xico, a 5 de julio de 2025.- El fen\u00f3meno clim\u00e1tico de la can\u00edcula llega a M\u00e9xico y trae consigo calor extremo y una significativa disminuci\u00f3n de lluvias; algunos estados experimentar\u00e1n temperaturas superiores a los 40 grados y muchos se preguntan si est\u00e1 incluida la Ciudad de M\u00e9xico (Cdmx) y el Estado de M\u00e9xico (Edomex).&nbsp;<\/p>\n\n\n\n<p>Generalmente este fen\u00f3meno ocurre entre julio y agosto en M\u00e9xico y Centroam\u00e9rica y se caracteriza principalmente por el notable aumento de temperaturas, alcanzando niveles extremos.&nbsp;<\/p>\n\n\n\n<p>De acuerdo con la Comisi\u00f3n Nacional del Agua (Conagua), la can\u00edcula inicia entre el 3 y el 15 de julio y concluye a principios de agosto, aproximadamente el d\u00eda 15, por lo que se estima un tiempo de duraci\u00f3n de 40 d\u00edas.&nbsp;<\/p>\n\n\n\n<p>La can\u00edcula suele afectar a unos estados m\u00e1s que a otros; los que recienten este fen\u00f3meno experimentan calor intenso y sequ\u00edas temporales que tiene repercusiones particularmente en la agricultura en la salud de la poblaci\u00f3n, por los \u2018famosos\u2019 golpes de calor.&nbsp;<\/p>\n\n\n\n<p>Los territorios en donde se alcanzan temperaturas de m\u00e1s de 40 grados por el fen\u00f3meno de la can\u00edcula, y que se tienen contemplados para esta temporada del 2025, son Campeche, Colima, Chiapas, Coahuila, Nuevo Le\u00f3n, San Luis Potos\u00ed, Hidalgo, Morelos, Tlaxcala, Oaxaca, Guerrero, Veracruz, Tabasco, Yucat\u00e1n y Quintana Roo.<\/p>\n\n\n\n<p>Cabe destacar que la Cdmx y el Edomex no forman parte del listado en donde suele afectar la can\u00edcula, por lo que no se espera un marcado aumento de temperatura con calor extremo, aunque, similar que en gran parte de la Rep\u00fablica Mexicana, habr\u00e1 menos lluvias.&nbsp;<\/p>\n\n\n\n<p>Esto es importante ya que en los \u00faltimos d\u00edas, el Valle de M\u00e9xico experiment\u00f3 encharcamientos, inundaciones y grandes afectaciones por las precipitaciones pluviales que incluso rompieron r\u00e9cord el pasado mes de junio.&nbsp;<\/p>\n\n\n\n<p>Ahora, tanto en Cdmx como en el Edomex se espera clima caluroso, aunque dentro de los l\u00edmites de lo normal, es decir, entre los 25-30 grados y con cielos nublados por la tarde, con lluvias dispersas.&nbsp;<\/p>\n\n\n\n<p>Durante esta fase, el clima se vuelve m\u00e1s seco y caluroso, especialmente en regiones tropicales y subtropicales, lo que puede impactar la agricultura, la salud y el suministro de agua.<\/p>\n\n\n\n<p>Este fen\u00f3meno se relaciona con cambios en la circulaci\u00f3n atmosf\u00e9rica que inhiben la formaci\u00f3n de nubes y precipitaciones, a pesar de encontrarse dentro de la temporada de lluvias.&nbsp;<\/p>\n\n\n\n<p>Es m\u00e1s notorio en estados del sureste de M\u00e9xico como Chiapas, Tabasco, Campeche, Yucat\u00e1n y Quintana Roo, as\u00ed como en partes del centro y sur del pa\u00eds. En algunas regiones se le conoce tambi\u00e9n como \u00abveranillo\u00bb, ya que parece una pausa en la temporada lluviosa.<\/p>\n\n\n\n<p>Los efectos de la can\u00edcula pueden ser diversos y preocupantes. Entre ellos se encuentran el estr\u00e9s t\u00e9rmico en personas y animales, el aumento de enfermedades gastrointestinales e infecciones por consumo de agua contaminada, incendios forestales y p\u00e9rdidas en cultivos sensibles a la falta de humedad. Por ello, es com\u00fan que las autoridades emitan recomendaciones para prevenir golpes de calor, mantenerse hidratado y evitar la exposici\u00f3n prolongada al sol durante este periodo.<\/p>\n\n\n\n<p>(Informaci\u00f3n de \u201cExc\u00e9lsior\u201d)<\/p>\n","protected":false},"excerpt":{"rendered":"<p>Redacci\u00f3n\/Zona Roja Cdmx. Ciudad de M\u00e9xico, a 5 de julio de 2025.- El fen\u00f3meno clim\u00e1tico&hellip;<\/p>\n","protected":false},"author":2,"featured_media":67364,"comment_status":"closed","ping_status":"open","sticky":false,"template":"","format":"standard","meta":{"_lmt_disableupdate":"","_lmt_disable":"","_jetpack_memberships_contains_paid_content":false,"footnotes":""},"categories":[109,46],"tags":[],"class_list":["post-82091","post","type-post","status-publish","format-standard","has-post-thumbnail","hentry","category-minuto-a-minuto","category-zona-blanca"],"jetpack_featured_media_url":"https:\/\/zonaroja.com.mx\/wp-content\/uploads\/2024\/04\/Calor-en-la-Ciudad-de-Mexico.jpeg","jetpack_sharing_enabled":true,"_links":{"self":[{"href":"https:\/\/zonaroja.com.mx\/index.php?rest_route=\/wp\/v2\/posts\/82091","targetHints":{"allow":["GET"]}}],"collection":[{"href":"https:\/\/zonaroja.com.mx\/index.php?rest_route=\/wp\/v2\/posts"}],"about":[{"href":"https:\/\/zonaroja.com.mx\/index.php?rest_route=\/wp\/v2\/types\/post"}],"author":[{"embeddable":true,"href":"https:\/\/zonaroja.com.mx\/index.php?rest_route=\/wp\/v2\/users\/2"}],"replies":[{"embeddable":true,"href":"https:\/\/zonaroja.com.mx\/index.php?rest_route=%2Fwp%2Fv2%2Fcomments&post=82091"}],"version-history":[{"count":1,"href":"https:\/\/zonaroja.com.mx\/index.php?rest_route=\/wp\/v2\/posts\/82091\/revisions"}],"predecessor-version":[{"id":82092,"href":"https:\/\/zonaroja.com.mx\/index.php?rest_route=\/wp\/v2\/posts\/82091\/revisions\/82092"}],"wp:featuredmedia":[{"embeddable":true,"href":"https:\/\/zonaroja.com.mx\/index.php?rest_route=\/wp\/v2\/media\/67364"}],"wp:attachment":[{"href":"https:\/\/zonaroja.com.mx\/index.php?rest_route=%2Fwp%2Fv2%2Fmedia&parent=82091"}],"wp:term":[{"taxonomy":"category","embeddable":true,"href":"https:\/\/zonaroja.com.mx\/index.php?rest_route=%2Fwp%2Fv2%2Fcategories&post=82091"},{"taxonomy":"post_tag","embeddable":true,"href":"https:\/\/zonaroja.com.mx\/index.php?rest_route=%2Fwp%2Fv2%2Ftags&post=82091"}],"curies":[{"name":"wp","href":"https:\/\/api.w.org\/{rel}","templated":true}]}}