{"id":82098,"date":"2025-07-05T09:32:00","date_gmt":"2025-07-05T15:32:00","guid":{"rendered":"https:\/\/zonaroja.com.mx\/?p=82098"},"modified":"2025-07-05T07:39:27","modified_gmt":"2025-07-05T13:39:27","slug":"que-comience-la-fiesta-realizan-en-la-capital-calenda-de-chinas-oaxaquenas","status":"publish","type":"post","link":"https:\/\/zonaroja.com.mx\/?p=82098","title":{"rendered":"\u00a1Que comience la fiesta! Realizan en la capital calenda de \u201cChinas oaxaque\u00f1as\u201d"},"content":{"rendered":"\n<p>Redacci\u00f3n\/Zona Roja.<\/p>\n\n\n\n<p>Oaxaca, Oax., a 5 de julio de 2025.- En un ambiente de fiesta, tradici\u00f3n y orgullo cultural, se celebr\u00f3 el Primer Encuentro de Chinas Oaxaque\u00f1as, Marmoteros y Faroleros, que marc\u00f3 el arranque oficial de las actividades de la Guelaguetza en la capital del estado.<\/p>\n\n\n\n<p>Acompa\u00f1ado por la presidenta honoraria del DIF Oaxaca, Irma Bola\u00f1os Quijano; del DIF municipal Gaby Garc\u00eda, y de Flavio Sosa Villavicencio, secretario de las Culturas, as\u00ed como cientos de familias que se sumaron con entusiasmo a esta jornada festiva, el presidente municipal Ray Chagoya encabez\u00f3 este recorrido lleno de color y m\u00fasica<\/p>\n\n\n\n<p>La caminata parti\u00f3 del Paseo Ju\u00e1rez \u201cEl Llano\u201d y avanz\u00f3 hacia la Plaza de la Danza, al ritmo del Jarabe del Valle y otros sones tradicionales, en un desfile donde las chinas oaxaque\u00f1as portaron sus mejores galas: trenzas con listones, blusas bordadas, canastas adornadas y faldas de amplios vuelos que danzaban entre marmotas, faroles y m\u00fasica de banda.<\/p>\n\n\n\n<p>Locales y turistas acompa\u00f1aron este inicio simb\u00f3lico de las festividades del mes de julio, que convierte a Oaxaca en el epicentro cultural de M\u00e9xico.<\/p>\n\n\n\n<p>El municipio de Oaxaca de Ju\u00e1rez refrenda su compromiso con el fortalecimiento de nuestras tradiciones y con la promoci\u00f3n de espacios que enaltecen la riqueza cultural que nos distingue ante el mundo.<\/p>\n","protected":false},"excerpt":{"rendered":"<p>Redacci\u00f3n\/Zona Roja. Oaxaca, Oax., a 5 de julio de 2025.- En un ambiente de fiesta,&hellip;<\/p>\n","protected":false},"author":2,"featured_media":82099,"comment_status":"closed","ping_status":"open","sticky":false,"template":"","format":"standard","meta":{"_lmt_disableupdate":"","_lmt_disable":"","_jetpack_memberships_contains_paid_content":false,"footnotes":""},"categories":[109,46],"tags":[148,4142],"class_list":["post-82098","post","type-post","status-publish","format-standard","has-post-thumbnail","hentry","category-minuto-a-minuto","category-zona-blanca","tag-oaxaca-de-juarez","tag-raymundo-chagoya"],"jetpack_featured_media_url":"https:\/\/zonaroja.com.mx\/wp-content\/uploads\/2025\/07\/Chinas-oaxaquenas-Ray-Chagoya-Oaxaca.jpg","jetpack_sharing_enabled":true,"_links":{"self":[{"href":"https:\/\/zonaroja.com.mx\/index.php?rest_route=\/wp\/v2\/posts\/82098","targetHints":{"allow":["GET"]}}],"collection":[{"href":"https:\/\/zonaroja.com.mx\/index.php?rest_route=\/wp\/v2\/posts"}],"about":[{"href":"https:\/\/zonaroja.com.mx\/index.php?rest_route=\/wp\/v2\/types\/post"}],"author":[{"embeddable":true,"href":"https:\/\/zonaroja.com.mx\/index.php?rest_route=\/wp\/v2\/users\/2"}],"replies":[{"embeddable":true,"href":"https:\/\/zonaroja.com.mx\/index.php?rest_route=%2Fwp%2Fv2%2Fcomments&post=82098"}],"version-history":[{"count":1,"href":"https:\/\/zonaroja.com.mx\/index.php?rest_route=\/wp\/v2\/posts\/82098\/revisions"}],"predecessor-version":[{"id":82100,"href":"https:\/\/zonaroja.com.mx\/index.php?rest_route=\/wp\/v2\/posts\/82098\/revisions\/82100"}],"wp:featuredmedia":[{"embeddable":true,"href":"https:\/\/zonaroja.com.mx\/index.php?rest_route=\/wp\/v2\/media\/82099"}],"wp:attachment":[{"href":"https:\/\/zonaroja.com.mx\/index.php?rest_route=%2Fwp%2Fv2%2Fmedia&parent=82098"}],"wp:term":[{"taxonomy":"category","embeddable":true,"href":"https:\/\/zonaroja.com.mx\/index.php?rest_route=%2Fwp%2Fv2%2Fcategories&post=82098"},{"taxonomy":"post_tag","embeddable":true,"href":"https:\/\/zonaroja.com.mx\/index.php?rest_route=%2Fwp%2Fv2%2Ftags&post=82098"}],"curies":[{"name":"wp","href":"https:\/\/api.w.org\/{rel}","templated":true}]}}