{"id":82106,"date":"2025-07-05T17:47:00","date_gmt":"2025-07-05T23:47:00","guid":{"rendered":"https:\/\/zonaroja.com.mx\/?p=82106"},"modified":"2025-07-05T07:48:14","modified_gmt":"2025-07-05T13:48:14","slug":"promulga-trump-su-ley-grande-y-hermosa-de-presupuesto","status":"publish","type":"post","link":"https:\/\/zonaroja.com.mx\/?p=82106","title":{"rendered":"Promulga Trump su \u00abley grande y hermosa\u201d de presupuesto"},"content":{"rendered":"\n<p>Redacci\u00f3n\/Zona Roja Cdmx.<\/p>\n\n\n\n<p>Ciudad de M\u00e9xico, a 5 de julio de 2025.- El presidente de Estados Unidos, Donald Trump, promulg\u00f3 el viernes su emblem\u00e1tica ley de presupuesto, para terminar una ceremonia del D\u00eda de la Independencia en la Casa Blanca repleta de pompa y marcada por un desfile a\u00e9reo de bombarderos B-2, los aviones utilizaos para atacar Ir\u00e1n.<\/p>\n\n\n\n<p>\u00abEs un buen momento\u00bb, dijo, mientras firmaba el documento con un grueso marcador, rodeado de decenas de legisladores republicanos que se alinearon para apoyar su \u00abLey grande y hermosa\u00bb, como la bautiz\u00f3. \u00abEntramos en la era dorada de Estados Unidos\u00bb, asegur\u00f3.<\/p>\n\n\n\n<p>El presidente celebr\u00f3 la promulgaci\u00f3n de su proyecto de ley con un discurso en la Casa Blanca el D\u00eda de la Independencia.<\/p>\n\n\n\n<p>Estuvo junto a la primera dama Melania Trump en el balc\u00f3n de la Casa Blanca mientras describ\u00eda su segundo mandato como \u201cganador, ganador, ganador\u201d.<\/p>\n\n\n\n<p>La ceremonia de firma finalizar\u00e1 la controvertida legislaci\u00f3n que otorgar\u00e1 recortes de impuestos a los ricos y recortar\u00e1 los beneficios de Medicaid y los programas de asistencia alimentaria.<\/p>\n\n\n\n<p>El proyecto de ley fue aprobado por un estrecho margen de 218 a 214 el jueves en la C\u00e1mara de Representantes y est\u00e1 prevista una \u201cgran y hermosa ceremonia de firma\u201d en la Oficina Oval el viernes por la noche.<\/p>\n\n\n\n<p>Sin embargo, Trump corre el riesgo de quedar eclipsado por las protestas de \u201cAm\u00e9rica Libre\u201d que se est\u00e1n planeando en ciudades de todo el pa\u00eds.<\/p>\n\n\n\n<p>Esto ocurre despu\u00e9s de que el presidente fuera duramente criticado por el uso de un t\u00e9rmino antisemita hist\u00f3rico durante un evento reciente, que ha sido descrito por grupos activistas como \u201cextremadamente ofensivo\u201d y \u201cpeligroso\u201d.<\/p>\n\n\n\n<p>Mientras pronunciaba un discurso de campa\u00f1a durante el evento America 250 en el recinto ferial estatal de Iowa en Des Moines el jueves, apenas horas despu\u00e9s de que la C\u00e1mara aprobara el proyecto de ley, el presidente arremeti\u00f3 contra los \u00abshylocks\u00bb y la \u00abmala gente\u00bb.<\/p>\n\n\n\n<p>\u201cEl t\u00e9rmino &#8216;Shylock&#8217; evoca un clich\u00e9 antisemita centenario sobre los jud\u00edos y la avaricia, que resulta extremadamente ofensivo y peligroso. El uso del t\u00e9rmino por parte del presidente Trump es muy preocupante e irresponsable\u00bb, escribi\u00f3 la ADF en X. \u201cLas palabras de nuestros l\u00edderes importan y esperamos m\u00e1s del presidente de Estados Unidos\u201d.<\/p>\n\n\n\n<p>(Informaci\u00f3n de \u201cLa Jornada\u201d)<\/p>\n","protected":false},"excerpt":{"rendered":"<p>Redacci\u00f3n\/Zona Roja Cdmx. Ciudad de M\u00e9xico, a 5 de julio de 2025.- El presidente de&hellip;<\/p>\n","protected":false},"author":2,"featured_media":76709,"comment_status":"closed","ping_status":"open","sticky":false,"template":"","format":"standard","meta":{"_lmt_disableupdate":"","_lmt_disable":"","_jetpack_memberships_contains_paid_content":false,"footnotes":""},"categories":[109,47],"tags":[1060],"class_list":["post-82106","post","type-post","status-publish","format-standard","has-post-thumbnail","hentry","category-minuto-a-minuto","category-zona-gris","tag-donald-trump"],"jetpack_featured_media_url":"https:\/\/zonaroja.com.mx\/wp-content\/uploads\/2025\/01\/Donald-Trump-firma-ordenes-ejecutivas.png.webp","jetpack_sharing_enabled":true,"_links":{"self":[{"href":"https:\/\/zonaroja.com.mx\/index.php?rest_route=\/wp\/v2\/posts\/82106","targetHints":{"allow":["GET"]}}],"collection":[{"href":"https:\/\/zonaroja.com.mx\/index.php?rest_route=\/wp\/v2\/posts"}],"about":[{"href":"https:\/\/zonaroja.com.mx\/index.php?rest_route=\/wp\/v2\/types\/post"}],"author":[{"embeddable":true,"href":"https:\/\/zonaroja.com.mx\/index.php?rest_route=\/wp\/v2\/users\/2"}],"replies":[{"embeddable":true,"href":"https:\/\/zonaroja.com.mx\/index.php?rest_route=%2Fwp%2Fv2%2Fcomments&post=82106"}],"version-history":[{"count":1,"href":"https:\/\/zonaroja.com.mx\/index.php?rest_route=\/wp\/v2\/posts\/82106\/revisions"}],"predecessor-version":[{"id":82107,"href":"https:\/\/zonaroja.com.mx\/index.php?rest_route=\/wp\/v2\/posts\/82106\/revisions\/82107"}],"wp:featuredmedia":[{"embeddable":true,"href":"https:\/\/zonaroja.com.mx\/index.php?rest_route=\/wp\/v2\/media\/76709"}],"wp:attachment":[{"href":"https:\/\/zonaroja.com.mx\/index.php?rest_route=%2Fwp%2Fv2%2Fmedia&parent=82106"}],"wp:term":[{"taxonomy":"category","embeddable":true,"href":"https:\/\/zonaroja.com.mx\/index.php?rest_route=%2Fwp%2Fv2%2Fcategories&post=82106"},{"taxonomy":"post_tag","embeddable":true,"href":"https:\/\/zonaroja.com.mx\/index.php?rest_route=%2Fwp%2Fv2%2Ftags&post=82106"}],"curies":[{"name":"wp","href":"https:\/\/api.w.org\/{rel}","templated":true}]}}