{"id":82112,"date":"2025-07-06T08:00:00","date_gmt":"2025-07-06T14:00:00","guid":{"rendered":"https:\/\/zonaroja.com.mx\/?p=82112"},"modified":"2025-07-06T07:01:09","modified_gmt":"2025-07-06T13:01:09","slug":"dos-asesinados-en-sabado-en-tuxtepec-y-en-juxtlahuaca","status":"publish","type":"post","link":"https:\/\/zonaroja.com.mx\/?p=82112","title":{"rendered":"Dos asesinados en s\u00e1bado, en Tuxtepec y en Juxtlahuaca"},"content":{"rendered":"\n<p>Raymundo Morales\/Zona Roja.<\/p>\n\n\n\n<p>Oaxaca, Oax., a 6 de julio de 2025.- Dos personas fueron asesinadas a balazos en Oaxaca en el transcurso de ayer s\u00e1bado.<\/p>\n\n\n\n<p>Por la tarde, en la calle Morelos del centro del municipio de San Juan Bautista Tuxtepec, un individuo fue ejecutado en un local de venta de peri\u00f3dicos y revistas denominado \u201cPublicaciones Nava\u201d.<\/p>\n\n\n\n<p>La v\u00edctima fue identificada como Omar N., quien fue acribillado por al menos dos individuos a bordo de unidades de motor que fueron abandonadas en la zona.<\/p>\n\n\n\n<p>Pese a que ocurri\u00f3 en pleno centro de esa ciudad ubicada en la regi\u00f3n de la Cuenca del Papaloapan, no hab\u00eda polic\u00edas municipales en la zona para perseguir a los presuntos delincuentes.<\/p>\n\n\n\n<p>Personal de la Vicefiscal\u00eda Regional de la Cuenca contin\u00faa con las indagatorias y hasta el momento no se ha hecho p\u00fablico el m\u00f3vil del crimen.<\/p>\n\n\n\n<p>Por otra parte, ayer por la ma\u00f1ana en Santiago Juxtlahuaca, municipio de la regi\u00f3n Mixteca, un individuo fue ultimado por disparos de arma de fuego y ademas le dejaron una cartulina presuntamente con un \u201cnarcomensaje\u201d.<\/p>\n\n\n\n<p>El cuerpo fue localizado cerca del palacio municipal y el hombre fue conocido en vida como Fausto N.; hasta el momento se desconocen los motivos del asesinato as\u00ed como la identidad del o de los agresores.<\/p>\n\n\n\n<p>De acuerdo con las primeras versiones, Fausto \u201cN\u201d fue reportado como desaparecido desde el pasado jueves; al ser localizado ayer el cuerpo sin vida, identificaron que ten\u00eda huellas de tortura.<\/p>\n\n\n\n<p>A pesar de que fue a unos metros del palacio municipal, no hab\u00eda uniformados en la zona para identificar a los criminales.<\/p>\n","protected":false},"excerpt":{"rendered":"<p>Raymundo Morales\/Zona Roja. Oaxaca, Oax., a 6 de julio de 2025.- Dos personas fueron asesinadas&hellip;<\/p>\n","protected":false},"author":2,"featured_media":82113,"comment_status":"closed","ping_status":"open","sticky":false,"template":"","format":"standard","meta":{"_lmt_disableupdate":"","_lmt_disable":"","_jetpack_memberships_contains_paid_content":false,"footnotes":""},"categories":[109,51],"tags":[435,826],"class_list":["post-82112","post","type-post","status-publish","format-standard","has-post-thumbnail","hentry","category-minuto-a-minuto","category-zona-roja","tag-ejecutado-en-san-juan-bautista-tuxtepec","tag-santiago-juxtlahuaca"],"jetpack_featured_media_url":"https:\/\/zonaroja.com.mx\/wp-content\/uploads\/2025\/07\/Asesinado-Tuxtepec-centro.jpeg","jetpack_sharing_enabled":true,"_links":{"self":[{"href":"https:\/\/zonaroja.com.mx\/index.php?rest_route=\/wp\/v2\/posts\/82112","targetHints":{"allow":["GET"]}}],"collection":[{"href":"https:\/\/zonaroja.com.mx\/index.php?rest_route=\/wp\/v2\/posts"}],"about":[{"href":"https:\/\/zonaroja.com.mx\/index.php?rest_route=\/wp\/v2\/types\/post"}],"author":[{"embeddable":true,"href":"https:\/\/zonaroja.com.mx\/index.php?rest_route=\/wp\/v2\/users\/2"}],"replies":[{"embeddable":true,"href":"https:\/\/zonaroja.com.mx\/index.php?rest_route=%2Fwp%2Fv2%2Fcomments&post=82112"}],"version-history":[{"count":1,"href":"https:\/\/zonaroja.com.mx\/index.php?rest_route=\/wp\/v2\/posts\/82112\/revisions"}],"predecessor-version":[{"id":82114,"href":"https:\/\/zonaroja.com.mx\/index.php?rest_route=\/wp\/v2\/posts\/82112\/revisions\/82114"}],"wp:featuredmedia":[{"embeddable":true,"href":"https:\/\/zonaroja.com.mx\/index.php?rest_route=\/wp\/v2\/media\/82113"}],"wp:attachment":[{"href":"https:\/\/zonaroja.com.mx\/index.php?rest_route=%2Fwp%2Fv2%2Fmedia&parent=82112"}],"wp:term":[{"taxonomy":"category","embeddable":true,"href":"https:\/\/zonaroja.com.mx\/index.php?rest_route=%2Fwp%2Fv2%2Fcategories&post=82112"},{"taxonomy":"post_tag","embeddable":true,"href":"https:\/\/zonaroja.com.mx\/index.php?rest_route=%2Fwp%2Fv2%2Ftags&post=82112"}],"curies":[{"name":"wp","href":"https:\/\/api.w.org\/{rel}","templated":true}]}}