{"id":82118,"date":"2025-07-06T11:15:00","date_gmt":"2025-07-06T17:15:00","guid":{"rendered":"https:\/\/zonaroja.com.mx\/?p=82118"},"modified":"2025-07-06T09:06:56","modified_gmt":"2025-07-06T15:06:56","slug":"reitera-edil-raymundo-chagoya-clima-de-seguridad-y-paz-en-oaxaca-capital","status":"publish","type":"post","link":"https:\/\/zonaroja.com.mx\/?p=82118","title":{"rendered":"Reitera edil Raymundo Chagoya clima de seguridad y paz en Oaxaca capital"},"content":{"rendered":"\n<p>Lisbeth Mej\u00eda Reyes\/Redacci\u00f3n\/Zona Roja.<\/p>\n\n\n\n<p>Oaxaca, Oax., a 6 de julio de 2025.- En el marco de las fiestas de la Guelaguetza, el presidente municipal de Oaxaca de Ju\u00e1rez, Raymundo Chagoya, reiter\u00f3 que la capital goza de un ambiente de paz y tranquilidad y est\u00e1 lista para recibir a miles de visitantes.<\/p>\n\n\n\n<p>En reciente entrevista, indic\u00f3 que la semana pasada se puso en marcha el operativo de seguridad, en que participan unos mil 600 elementos de fuerzas federales, estatales y municipales.<\/p>\n\n\n\n<p>Aunado a ello, hay estrecha coordinaci\u00f3n con el Mando Metropolitano de Seguridad, en que adem\u00e1s participa la Fiscal\u00eda General del Estado, para implementar acciones preventivas y disuasivas.<\/p>\n\n\n\n<p>Chagoya Villanueva lament\u00f3 los hechos del pasado viernes, en que ultimaron a a balazos a una persona en la Central de Abasto y de cuyo caso ya hay un probable responsable detenido.&nbsp;<\/p>\n\n\n\n<p>Sin embargo, se\u00f1al\u00f3 que los protocolos \u00abfuncionaron correctamente\u00bb y se actu\u00f3 de inmediato.&nbsp;<\/p>\n\n\n\n<p>El caso est\u00e1 en manos de la Fiscal\u00eda General del Estado de Oaxaca, pero al margen de esto, el edil explic\u00f3 que entre las l\u00edneas de investigaci\u00f3n se contemplan problemas entre personas en situaci\u00f3n de calle y un robo.<\/p>\n\n\n\n<p>Tras el asesinato, las autoridades estatales y municipales informaron que se despleg\u00f3 un operativo por parte del Mando Coordinado de Seguridad de la Zona Metropolitana, en el que colaboraron fuerzas de seguridad de los tres \u00f3rdenes de gobierno para dar con los responsables del homicidio.<\/p>\n\n\n\n<p>En lo que va del a\u00f1o, la ciudad de Oaxaca ha registrado al menos 14 homicidios dolosos, lo que representa dos asesinatos de este tipo por mes. El \u00faltimo ocurri\u00f3 la ma\u00f1ana de este viernes en la Central de Abasto, a unos metros del Centro de Comando y Control (C2) de la polic\u00eda municipal. Al menos tres sujetos dispararon en contra de F. S. G., quien perdi\u00f3 la vida en el lugar.<\/p>\n\n\n\n<p>Aunque el m\u00f3vil del \u00faltimo homicidio a\u00fan se desconoce, sobre los otros 13 se presume que 8 est\u00e1n relacionados con la delincuencia organizada, seg\u00fan consider\u00f3 en junio el secretario de Seguridad Vecinal del ayuntamiento capitalino, Claudio de Jes\u00fas P\u00e9rez y P\u00e9rez. Del resto, tres han sido por robo a cuenta habientes, uno por robo a transe\u00fante y uno por robo a negocio.&nbsp;<\/p>\n\n\n\n<p>Antes del ocurrido en la Central, se contaba el de un mototaxista asesinado el pasado 3 de junio en la colonia Jard\u00edn, tambi\u00e9n por disparos.<\/p>\n\n\n\n<p>La Central de Abasto es una zona considerada foco rojo por la inseguridad. Tras el asesinato, los tres \u00f3rdenes de gobierno implementaron una segunda etapa del operativo \u201cPescador\u201d, con el que se busca reducir la delincuencia en la zona.<\/p>\n\n\n\n<p>De enero a mayo, en el estado de Oaxaca de registrado 350 homicidios dolosos, de acuerdo con datos del Secretariado Ejecutivo del Sistema Nacional de Seguridad P\u00fablica (SESNSP), lo que representa el 3.3 por ciento nacional. Adem\u00e1s de superar el promedio nacional de 336.47 homicidios.<\/p>\n","protected":false},"excerpt":{"rendered":"<p>Lisbeth Mej\u00eda Reyes\/Redacci\u00f3n\/Zona Roja. Oaxaca, Oax., a 6 de julio de 2025.- En el marco&hellip;<\/p>\n","protected":false},"author":2,"featured_media":82119,"comment_status":"closed","ping_status":"open","sticky":false,"template":"","format":"standard","meta":{"_lmt_disableupdate":"","_lmt_disable":"","_jetpack_memberships_contains_paid_content":false,"footnotes":""},"categories":[109,46],"tags":[148,4142],"class_list":["post-82118","post","type-post","status-publish","format-standard","has-post-thumbnail","hentry","category-minuto-a-minuto","category-zona-blanca","tag-oaxaca-de-juarez","tag-raymundo-chagoya"],"jetpack_featured_media_url":"https:\/\/zonaroja.com.mx\/wp-content\/uploads\/2025\/07\/Seguridad-ciudad-de-Oaxaca.jpeg","jetpack_sharing_enabled":true,"_links":{"self":[{"href":"https:\/\/zonaroja.com.mx\/index.php?rest_route=\/wp\/v2\/posts\/82118","targetHints":{"allow":["GET"]}}],"collection":[{"href":"https:\/\/zonaroja.com.mx\/index.php?rest_route=\/wp\/v2\/posts"}],"about":[{"href":"https:\/\/zonaroja.com.mx\/index.php?rest_route=\/wp\/v2\/types\/post"}],"author":[{"embeddable":true,"href":"https:\/\/zonaroja.com.mx\/index.php?rest_route=\/wp\/v2\/users\/2"}],"replies":[{"embeddable":true,"href":"https:\/\/zonaroja.com.mx\/index.php?rest_route=%2Fwp%2Fv2%2Fcomments&post=82118"}],"version-history":[{"count":1,"href":"https:\/\/zonaroja.com.mx\/index.php?rest_route=\/wp\/v2\/posts\/82118\/revisions"}],"predecessor-version":[{"id":82120,"href":"https:\/\/zonaroja.com.mx\/index.php?rest_route=\/wp\/v2\/posts\/82118\/revisions\/82120"}],"wp:featuredmedia":[{"embeddable":true,"href":"https:\/\/zonaroja.com.mx\/index.php?rest_route=\/wp\/v2\/media\/82119"}],"wp:attachment":[{"href":"https:\/\/zonaroja.com.mx\/index.php?rest_route=%2Fwp%2Fv2%2Fmedia&parent=82118"}],"wp:term":[{"taxonomy":"category","embeddable":true,"href":"https:\/\/zonaroja.com.mx\/index.php?rest_route=%2Fwp%2Fv2%2Fcategories&post=82118"},{"taxonomy":"post_tag","embeddable":true,"href":"https:\/\/zonaroja.com.mx\/index.php?rest_route=%2Fwp%2Fv2%2Ftags&post=82118"}],"curies":[{"name":"wp","href":"https:\/\/api.w.org\/{rel}","templated":true}]}}