{"id":82121,"date":"2025-07-06T10:16:00","date_gmt":"2025-07-06T16:16:00","guid":{"rendered":"https:\/\/zonaroja.com.mx\/?p=82121"},"modified":"2025-07-06T07:20:41","modified_gmt":"2025-07-06T13:20:41","slug":"marca-oaxaquena-de-moda-etnica-es-reconocida-en-los-angeles-eu","status":"publish","type":"post","link":"https:\/\/zonaroja.com.mx\/?p=82121","title":{"rendered":"Marca oaxaque\u00f1a de moda \u00e9tnica es reconocida en Los \u00c1ngeles, EU"},"content":{"rendered":"\n<p>Lisbeth Mej\u00eda Reyes\/Zona Roja.<\/p>\n\n\n\n<p>Oaxaca, Oax., a 6 de julio de 2025.- La marca de moda Toloache, originaria de Oaxaca, fue reconocida recientemente en Los \u00c1ngeles, California, como parte del International Spotlight Award, impulsado por la revista Art Estate, en Beverly Hills.<\/p>\n\n\n\n<p>Como parte del evento, algunos dise\u00f1os de la marca fueron presentados en la gala de premiaci\u00f3n del 28 de junio en aquella ciudad de los Estados Unidos.&nbsp;<\/p>\n\n\n\n<p>Uno de los vestidos fue bordado por la maestra Ang\u00e9lica Mar\u00eda y muestra el \u00e1rbol de la vida de Valle Nacional. Otro era el modelo Lua, con una flor bordada por la maestra artesana Ana Bertha, de San Juan Guichicovi.<\/p>\n\n\n\n<p>A trav\u00e9s de sus redes sociales, la marca y la dise\u00f1adora Beky Cabrera Santiago dieron a conocer este premio, en el que Cabrera fue nominada como artista internacional.<\/p>\n\n\n\n<p>\u00abPara m\u00ed y mi equipo, este reconocimiento no es solo un honor personal, sino un tributo al arte textil de mi tierra, de mi estado, a las manos que bordan historia y a las ra\u00edces que me inspiran cada d\u00eda\u00bb, se\u00f1al\u00f3 la dise\u00f1adora sobre la nominaci\u00f3n unos d\u00edas antes de la ceremonia.<\/p>\n\n\n\n<p>En su mensaje, tambi\u00e9n agradeci\u00f3 que con esta nominaci\u00f3n se voltee la mirada hacia Oaxaca, \u00abhacia nuestras flores bordadas y nuestras voces que, con amor y dignidad, siguen floreciendo\u00bb. Adem\u00e1s , porque ser parte de esta nominaci\u00f3n es \u00abun paso m\u00e1s para visibilizar el alma de nuestro trabajo\u00bb.<\/p>\n\n\n\n<p>En otra de las publicaciones con motivo del premio, la dise\u00f1adora se\u00f1al\u00f3 que en \u00abToloache co-creamos desde el coraz\u00f3n y la ra\u00edz, trabajamos con manos que han bordado generaciones, con saberes que no se copian, se celebran. Aqu\u00ed la tradici\u00f3n es memoria viva, respeto profundo y orgullo compartido\u00bb<\/p>\n\n\n\n<p>Tambi\u00e9n dedic\u00f3 un mensaje a los connacionales mexicano en aquel pa\u00eds, ya que algnos enfrentan la discriminaci\u00f3n en Estados Unidos.<\/p>\n\n\n\n<p>La marca, seg\u00fan se describe en su p\u00e1gina web, agrupa a mujeres artesanas textiles de las regiones de Oaxaca y sus dise\u00f1os combinan lo contempor\u00e1neo con el arte oaxaque\u00f1o. \u00abCada prenda es realizada con materiales exquisitos, producidos con t\u00e9cnicas ancestrales donde la historia y la belleza van de la mano del comercio justo y el respeto mutuo\u00bb.<\/p>\n","protected":false},"excerpt":{"rendered":"<p>Lisbeth Mej\u00eda Reyes\/Zona Roja. Oaxaca, Oax., a 6 de julio de 2025.- La marca de&hellip;<\/p>\n","protected":false},"author":2,"featured_media":82122,"comment_status":"closed","ping_status":"open","sticky":false,"template":"","format":"standard","meta":{"_lmt_disableupdate":"","_lmt_disable":"","_jetpack_memberships_contains_paid_content":false,"footnotes":""},"categories":[109,46],"tags":[],"class_list":["post-82121","post","type-post","status-publish","format-standard","has-post-thumbnail","hentry","category-minuto-a-minuto","category-zona-blanca"],"jetpack_featured_media_url":"https:\/\/zonaroja.com.mx\/wp-content\/uploads\/2025\/07\/Vestimenda-Oaxaca-utilizada-Los-Angeles.jpg","jetpack_sharing_enabled":true,"_links":{"self":[{"href":"https:\/\/zonaroja.com.mx\/index.php?rest_route=\/wp\/v2\/posts\/82121","targetHints":{"allow":["GET"]}}],"collection":[{"href":"https:\/\/zonaroja.com.mx\/index.php?rest_route=\/wp\/v2\/posts"}],"about":[{"href":"https:\/\/zonaroja.com.mx\/index.php?rest_route=\/wp\/v2\/types\/post"}],"author":[{"embeddable":true,"href":"https:\/\/zonaroja.com.mx\/index.php?rest_route=\/wp\/v2\/users\/2"}],"replies":[{"embeddable":true,"href":"https:\/\/zonaroja.com.mx\/index.php?rest_route=%2Fwp%2Fv2%2Fcomments&post=82121"}],"version-history":[{"count":1,"href":"https:\/\/zonaroja.com.mx\/index.php?rest_route=\/wp\/v2\/posts\/82121\/revisions"}],"predecessor-version":[{"id":82123,"href":"https:\/\/zonaroja.com.mx\/index.php?rest_route=\/wp\/v2\/posts\/82121\/revisions\/82123"}],"wp:featuredmedia":[{"embeddable":true,"href":"https:\/\/zonaroja.com.mx\/index.php?rest_route=\/wp\/v2\/media\/82122"}],"wp:attachment":[{"href":"https:\/\/zonaroja.com.mx\/index.php?rest_route=%2Fwp%2Fv2%2Fmedia&parent=82121"}],"wp:term":[{"taxonomy":"category","embeddable":true,"href":"https:\/\/zonaroja.com.mx\/index.php?rest_route=%2Fwp%2Fv2%2Fcategories&post=82121"},{"taxonomy":"post_tag","embeddable":true,"href":"https:\/\/zonaroja.com.mx\/index.php?rest_route=%2Fwp%2Fv2%2Ftags&post=82121"}],"curies":[{"name":"wp","href":"https:\/\/api.w.org\/{rel}","templated":true}]}}