{"id":82126,"date":"2025-07-06T10:25:00","date_gmt":"2025-07-06T16:25:00","guid":{"rendered":"https:\/\/zonaroja.com.mx\/?p=82126"},"modified":"2025-07-06T09:06:33","modified_gmt":"2025-07-06T15:06:33","slug":"inicia-xoxo-seguro-para-todas-y-todos-contra-extorsion-y-violencia-de-genero","status":"publish","type":"post","link":"https:\/\/zonaroja.com.mx\/?p=82126","title":{"rendered":"Inicia \u201cXoxo seguro para todas y todos\u201d contra extorsi\u00f3n y violencia de g\u00e9nero"},"content":{"rendered":"\n<p>Redacci\u00f3n\/Zona Roja.<\/p>\n\n\n\n<p>Oaxaca, Oax., a 6 de julio de 2025. Para fortalecer la cultura de la denuncia y brindar herramientas para identificar actos de violencia de g\u00e9nero y extorsi\u00f3n, el Ayuntamiento de Santa\u202fCruz\u202fXoxocotl\u00e1n, encabezado por la edil Nancy Ben\u00edtez Z\u00e1rate, arranc\u00f3 la campa\u00f1a \u201cXoxo seguro para todas y todos\u201d.<\/p>\n\n\n\n<p>A trav\u00e9s de la Comisi\u00f3n de Seguridad Ciudadana y Vialidad, la Unidad de Prevenci\u00f3n del Delito y la Unidad de Polic\u00eda con Perspectiva de G\u00e9nero, se busca concientizar sobre la prevenci\u00f3n del delito, con el prop\u00f3sito de restituir la tranquilidad y confianza de las familias xoxe\u00f1as.<\/p>\n\n\n\n<p>En el arranque de la campa\u00f1a, en instalaciones del CIIDIR, la presidenta municipal de Xoxocotl\u00e1n, resalt\u00f3 que, en su administraci\u00f3n no se va a tolerar la impunidad ni el silencio, porque est\u00e1 comprometida con construir un municipio donde se pueda vivir y trabajar con dignidad, donde la ciudadan\u00eda se sienta protegida y acompa\u00f1ada.<\/p>\n\n\n\n<p>Como parte del evento se impartieron dos ponencias clave:&nbsp;Mecanismos de prevenci\u00f3n ante la extorsi\u00f3n&nbsp;y fraude&nbsp;y&nbsp;Violencia de g\u00e9nero,&nbsp;dirigidas a autoridades municipales, al personal del ayuntamiento y a la ciudadan\u00eda en general.<\/p>\n\n\n\n<p>Esta informaci\u00f3n se replicar\u00e1 en colonias y agencias del municipio de Santa Cruz Xoxocotl\u00e1n para reforzar la colaboraci\u00f3n comunitaria, vinculando a autoridades y sociedad en acciones concretas de seguridad.<\/p>\n","protected":false},"excerpt":{"rendered":"<p>Redacci\u00f3n\/Zona Roja. Oaxaca, Oax., a 6 de julio de 2025. Para fortalecer la cultura de&hellip;<\/p>\n","protected":false},"author":2,"featured_media":82127,"comment_status":"closed","ping_status":"open","sticky":false,"template":"","format":"standard","meta":{"_lmt_disableupdate":"","_lmt_disable":"","_jetpack_memberships_contains_paid_content":false,"footnotes":""},"categories":[109,46],"tags":[133],"class_list":["post-82126","post","type-post","status-publish","format-standard","has-post-thumbnail","hentry","category-minuto-a-minuto","category-zona-blanca","tag-santa-cruz-xoxocotlan"],"jetpack_featured_media_url":"https:\/\/zonaroja.com.mx\/wp-content\/uploads\/2025\/07\/Arranca-Xoxo-seguro-para-todas-y-todos-contra-la-extorsion-y-violencia-de-genero-4.jpeg","jetpack_sharing_enabled":true,"_links":{"self":[{"href":"https:\/\/zonaroja.com.mx\/index.php?rest_route=\/wp\/v2\/posts\/82126","targetHints":{"allow":["GET"]}}],"collection":[{"href":"https:\/\/zonaroja.com.mx\/index.php?rest_route=\/wp\/v2\/posts"}],"about":[{"href":"https:\/\/zonaroja.com.mx\/index.php?rest_route=\/wp\/v2\/types\/post"}],"author":[{"embeddable":true,"href":"https:\/\/zonaroja.com.mx\/index.php?rest_route=\/wp\/v2\/users\/2"}],"replies":[{"embeddable":true,"href":"https:\/\/zonaroja.com.mx\/index.php?rest_route=%2Fwp%2Fv2%2Fcomments&post=82126"}],"version-history":[{"count":1,"href":"https:\/\/zonaroja.com.mx\/index.php?rest_route=\/wp\/v2\/posts\/82126\/revisions"}],"predecessor-version":[{"id":82128,"href":"https:\/\/zonaroja.com.mx\/index.php?rest_route=\/wp\/v2\/posts\/82126\/revisions\/82128"}],"wp:featuredmedia":[{"embeddable":true,"href":"https:\/\/zonaroja.com.mx\/index.php?rest_route=\/wp\/v2\/media\/82127"}],"wp:attachment":[{"href":"https:\/\/zonaroja.com.mx\/index.php?rest_route=%2Fwp%2Fv2%2Fmedia&parent=82126"}],"wp:term":[{"taxonomy":"category","embeddable":true,"href":"https:\/\/zonaroja.com.mx\/index.php?rest_route=%2Fwp%2Fv2%2Fcategories&post=82126"},{"taxonomy":"post_tag","embeddable":true,"href":"https:\/\/zonaroja.com.mx\/index.php?rest_route=%2Fwp%2Fv2%2Ftags&post=82126"}],"curies":[{"name":"wp","href":"https:\/\/api.w.org\/{rel}","templated":true}]}}