{"id":8213,"date":"2020-01-30T09:25:35","date_gmt":"2020-01-30T15:25:35","guid":{"rendered":"http:\/\/www.zonaroja.com.mx\/?p=8213"},"modified":"2020-01-30T10:57:39","modified_gmt":"2020-01-30T16:57:39","slug":"diputado-presidente-de-la-jucopo-pide-a-fiscal-informe-sobre-feminicidios","status":"publish","type":"post","link":"https:\/\/zonaroja.com.mx\/?p=8213","title":{"rendered":"Diputado presidente de la Jucopo pide a fiscal informe sobre feminicidios"},"content":{"rendered":"\n<p>Redacci\u00f3n\/Zona Roja.<\/p>\n\n\n\n<p>Oaxaca de Ju\u00e1rez, Oax., 30 de enero de\n2020.- Ante el alto \u00edndice de muertes violentas de oaxaque\u00f1as y la opacidad de\nla instituci\u00f3n de procuraci\u00f3n de justicia, el presidente de la Junta de\nCoordinaci\u00f3n Pol\u00edtica (Jucopo) del Congreso local, Horacio Sosa, pidi\u00f3 al fiscal\nGeneral del Estado, Rub\u00e9n Vasconcelos M\u00e9ndez, un informe del n\u00famero total de\nmujeres asesinadas en la presente administraci\u00f3n, ello <\/p>\n\n\n\n<p>\u201cSi el Estado no pudo garantizar la\nvida, por lo menos le exigimos que cumpla con la justicia\u201d asever\u00f3 el\nlegislador del Partido Morena, quien tambi\u00e9n cuestion\u00f3 al fiscal sobre cu\u00e1les\nhan sido los criterios para clasificar dichas muertes violentas de mujeres en\nlas carpetas de investigaci\u00f3n.<\/p>\n\n\n\n<p>Esta declaraci\u00f3n se dio en el contexto\nde la petici\u00f3n que hizo el Congreso del Estado a la Fiscal\u00eda General del Estado\nde crear una Fiscal\u00eda Especializada para la Investigaci\u00f3n de Feminicidios,\nexigencia que fue aprobada por 32 diputadas y diputados de las diferentes\nfuerzas pol\u00edticas que integran la 64 Legislatura.<\/p>\n\n\n\n<p>En este tenor, asegur\u00f3 que la\nciudadan\u00eda oaxaque\u00f1a debe contar con garant\u00edas de que las instancias\ncorrespondientes impartan justicia y no queden impunes los casos de asesinatos\nde mujeres en nuestro estado.&nbsp;&nbsp; <\/p>\n\n\n\n<p>De acuerdo con organismos civiles, en\ntres a\u00f1os y dos meses del gobierno de Alejandro Murat, suman casi 400\nfeminicidios; la mayor\u00eda de los casos permanece impune.<\/p>\n","protected":false},"excerpt":{"rendered":"<p>Redacci\u00f3n\/Zona Roja. Oaxaca de Ju\u00e1rez, Oax., 30 de enero de 2020.- Ante el alto \u00edndice&hellip;<\/p>\n","protected":false},"author":2,"featured_media":7232,"comment_status":"closed","ping_status":"open","sticky":false,"template":"","format":"standard","meta":{"_lmt_disableupdate":"","_lmt_disable":"","_jetpack_memberships_contains_paid_content":false,"footnotes":""},"categories":[109,46],"tags":[213,444],"class_list":["post-8213","post","type-post","status-publish","format-standard","has-post-thumbnail","hentry","category-minuto-a-minuto","category-zona-blanca","tag-64-legislatura-de-oaxaca","tag-horacio-sosa-villavicencio"],"jetpack_featured_media_url":"https:\/\/zonaroja.com.mx\/wp-content\/uploads\/2020\/01\/Horacio-Sosa-congreso-10.jpg","jetpack_sharing_enabled":true,"_links":{"self":[{"href":"https:\/\/zonaroja.com.mx\/index.php?rest_route=\/wp\/v2\/posts\/8213","targetHints":{"allow":["GET"]}}],"collection":[{"href":"https:\/\/zonaroja.com.mx\/index.php?rest_route=\/wp\/v2\/posts"}],"about":[{"href":"https:\/\/zonaroja.com.mx\/index.php?rest_route=\/wp\/v2\/types\/post"}],"author":[{"embeddable":true,"href":"https:\/\/zonaroja.com.mx\/index.php?rest_route=\/wp\/v2\/users\/2"}],"replies":[{"embeddable":true,"href":"https:\/\/zonaroja.com.mx\/index.php?rest_route=%2Fwp%2Fv2%2Fcomments&post=8213"}],"version-history":[{"count":1,"href":"https:\/\/zonaroja.com.mx\/index.php?rest_route=\/wp\/v2\/posts\/8213\/revisions"}],"predecessor-version":[{"id":8214,"href":"https:\/\/zonaroja.com.mx\/index.php?rest_route=\/wp\/v2\/posts\/8213\/revisions\/8214"}],"wp:featuredmedia":[{"embeddable":true,"href":"https:\/\/zonaroja.com.mx\/index.php?rest_route=\/wp\/v2\/media\/7232"}],"wp:attachment":[{"href":"https:\/\/zonaroja.com.mx\/index.php?rest_route=%2Fwp%2Fv2%2Fmedia&parent=8213"}],"wp:term":[{"taxonomy":"category","embeddable":true,"href":"https:\/\/zonaroja.com.mx\/index.php?rest_route=%2Fwp%2Fv2%2Fcategories&post=8213"},{"taxonomy":"post_tag","embeddable":true,"href":"https:\/\/zonaroja.com.mx\/index.php?rest_route=%2Fwp%2Fv2%2Ftags&post=8213"}],"curies":[{"name":"wp","href":"https:\/\/api.w.org\/{rel}","templated":true}]}}