{"id":82137,"date":"2025-07-06T18:36:35","date_gmt":"2025-07-07T00:36:35","guid":{"rendered":"https:\/\/zonaroja.com.mx\/?p=82137"},"modified":"2025-07-06T18:36:37","modified_gmt":"2025-07-07T00:36:37","slug":"asesinan-a-tres-hermanitas-en-sonora-dias-antes-hallaron-cuerpo-de-la-madre","status":"publish","type":"post","link":"https:\/\/zonaroja.com.mx\/?p=82137","title":{"rendered":"Asesinan a tres hermanitas en Sonora; d\u00edas antes hallaron cuerpo de la madre"},"content":{"rendered":"\n<p>Redacci\u00f3n\/Zona Roja Cdmx.<\/p>\n\n\n\n<p>Ciudad de M\u00e9xico, a 6 de julio de 2025.-&nbsp; La Fiscal\u00eda General de Justicia del Estado de Sonora (FGJES) confirm\u00f3 el hallazgo de tres ni\u00f1as sin vida, a la altura del kil\u00f3metro 7 de la carretera 36 Norte, en la Comisar\u00eda Miguel Alem\u00e1n, en Hermosillo.<\/p>\n\n\n\n<p>Las ni\u00f1as, dos gemelas de 11 a\u00f1os y una peque\u00f1a de 9, fueron asesinadas a balazos y sus cuerpos fueron localizados por el colectivo \u2018Buscadoras por la Paz\u2019, la tarde del s\u00e1bado 5 de julio.<\/p>\n\n\n\n<p>Las autoridades, en compa\u00f1\u00eda de personal de Servicios Periciales acudieron al lugar de los hechos, poco despu\u00e9s del hallazgo, para realizar las investigaciones del caso.<\/p>\n\n\n\n<p>Al respecto, la Fiscal\u00eda anunci\u00f3 que el asesinato de las menores est\u00e1 vinculado a un hallazgo previo, ocurrido en la misma carretera, a la altura del entronque Hermosillo-Bah\u00eda de Kino, donde se localiz\u00f3 el pasado 4 de julio el cuerpo de una mujer sin vida, quien se confirm\u00f3 que era madre de las tres menores localizadas.<\/p>\n\n\n\n<p>\u201cLos cuerpos ya han sido identificados plenamente por sus familiares ante el Ministerio P\u00fablico, estableci\u00e9ndose que la madre ten\u00eda 28 a\u00f1os de edad, una de las menores 9 a\u00f1os y dos gemelas de 11 a\u00f1os de edad\u201d, detall\u00f3 la dependencia a trav\u00e9s de un comunicado publicado en X.<\/p>\n\n\n\n<p>La Fiscal\u00eda de Sonora se\u00f1al\u00f3 que el \u00e1rea del Centro de Atenci\u00f3n de V\u00edctimas de Delito (CAVID) se mantiene brindando apoyo psicol\u00f3gico a los familiares, adem\u00e1s del acompa\u00f1amiento puntual de la Comisi\u00f3n Ejecutiva Estatal de Atenci\u00f3n a V\u00edctimas.<\/p>\n\n\n\n<p>La dependencia se\u00f1al\u00f3 que la investigaci\u00f3n contin\u00faa con an\u00e1lisis de gabinete, laboratorio pericial y trabajo de campo, encabezadas por la Direcci\u00f3n General de Homicidios de la Fiscal\u00eda General y remarc\u00f3 que el caso es un asunto prioritario del Gabinete de Seguridad del Estado de Sonora.<\/p>\n\n\n\n<p>\u201c(El gabinete) sesiona en estos momentos junto a las autoridades municipales de Hermosillo, para analizar y articular estrategias de acciones frente a los \u00faltimos hechos de violencia registrados en Hermosillo\u201d, concluy\u00f3 la Fiscal\u00eda y asegur\u00f3 que continuar\u00e1 brindando informaci\u00f3n de los hechos.<\/p>\n\n\n\n<p>(Informaci\u00f3n de \u201cEl Financiero\u201d)<\/p>\n","protected":false},"excerpt":{"rendered":"<p>Redacci\u00f3n\/Zona Roja Cdmx. Ciudad de M\u00e9xico, a 6 de julio de 2025.-&nbsp; La Fiscal\u00eda General&hellip;<\/p>\n","protected":false},"author":2,"featured_media":82138,"comment_status":"closed","ping_status":"open","sticky":false,"template":"","format":"standard","meta":{"_lmt_disableupdate":"","_lmt_disable":"","_jetpack_memberships_contains_paid_content":false,"footnotes":""},"categories":[109,51],"tags":[2557],"class_list":["post-82137","post","type-post","status-publish","format-standard","has-post-thumbnail","hentry","category-minuto-a-minuto","category-zona-roja","tag-hermosillo-sonora"],"jetpack_featured_media_url":"https:\/\/zonaroja.com.mx\/wp-content\/uploads\/2025\/07\/Madres-buscadoras-ninas-Sonora.jpg.avif","jetpack_sharing_enabled":true,"_links":{"self":[{"href":"https:\/\/zonaroja.com.mx\/index.php?rest_route=\/wp\/v2\/posts\/82137","targetHints":{"allow":["GET"]}}],"collection":[{"href":"https:\/\/zonaroja.com.mx\/index.php?rest_route=\/wp\/v2\/posts"}],"about":[{"href":"https:\/\/zonaroja.com.mx\/index.php?rest_route=\/wp\/v2\/types\/post"}],"author":[{"embeddable":true,"href":"https:\/\/zonaroja.com.mx\/index.php?rest_route=\/wp\/v2\/users\/2"}],"replies":[{"embeddable":true,"href":"https:\/\/zonaroja.com.mx\/index.php?rest_route=%2Fwp%2Fv2%2Fcomments&post=82137"}],"version-history":[{"count":1,"href":"https:\/\/zonaroja.com.mx\/index.php?rest_route=\/wp\/v2\/posts\/82137\/revisions"}],"predecessor-version":[{"id":82139,"href":"https:\/\/zonaroja.com.mx\/index.php?rest_route=\/wp\/v2\/posts\/82137\/revisions\/82139"}],"wp:featuredmedia":[{"embeddable":true,"href":"https:\/\/zonaroja.com.mx\/index.php?rest_route=\/wp\/v2\/media\/82138"}],"wp:attachment":[{"href":"https:\/\/zonaroja.com.mx\/index.php?rest_route=%2Fwp%2Fv2%2Fmedia&parent=82137"}],"wp:term":[{"taxonomy":"category","embeddable":true,"href":"https:\/\/zonaroja.com.mx\/index.php?rest_route=%2Fwp%2Fv2%2Fcategories&post=82137"},{"taxonomy":"post_tag","embeddable":true,"href":"https:\/\/zonaroja.com.mx\/index.php?rest_route=%2Fwp%2Fv2%2Ftags&post=82137"}],"curies":[{"name":"wp","href":"https:\/\/api.w.org\/{rel}","templated":true}]}}