{"id":82141,"date":"2025-07-06T21:25:54","date_gmt":"2025-07-07T03:25:54","guid":{"rendered":"https:\/\/zonaroja.com.mx\/?p=82141"},"modified":"2025-07-06T21:25:56","modified_gmt":"2025-07-07T03:25:56","slug":"opinion-la-palabra-buscadora-de-soledad-jarquin","status":"publish","type":"post","link":"https:\/\/zonaroja.com.mx\/?p=82141","title":{"rendered":"Opini\u00f3n. La palabra buscadora de Soledad Jarqu\u00edn"},"content":{"rendered":"\n<p>Diego Enrique Osorno*<\/p>\n\n\n\n<p>Soledad Jarqu\u00edn Edgar no se volvi\u00f3 activista cuando asesinaron a su hija. Tampoco descubri\u00f3 la injusticia ese d\u00eda. Ya la conoc\u00eda y la hab\u00eda documentado, enfrentado por d\u00e9cadas en Oaxaca, donde la conoc\u00ed hace tiempo. Soledad, hay que advertirlo aqu\u00ed, es una de las grandes periodistas mexicanas de nuestro tiempo.<\/p>\n\n\n\n<p>El crimen de su hija, Mar\u00eda del Sol Cruz Jarqu\u00edn, no la convirti\u00f3 en otra persona. La oblig\u00f3 a ser las que ya era y otras m\u00e1s a la vez: madre, reportera, abogada autodidacta, gestora de expedientes, rostro de protesta, vocera en foros y sombra de funcionarios encubridores.<\/p>\n\n\n\n<p>Pero sobre todo sigui\u00f3 siendo algo que siempre ha sido: una mujer que no se calla.<\/p>\n\n\n\n<p>***<\/p>\n\n\n\n<p>\u201c\u00bfQu\u00e9 sigue al dolor de perderte de esa manera? Sigue la rabia, la impotencia, porque la justicia no llega. La incertidumbre es la imperfecci\u00f3n de la verdad. \u00bfQui\u00e9n fue? \u00bfPor qu\u00e9 sucedi\u00f3? \u00bfC\u00f3mo pas\u00f3? Son preguntas sin respuesta. Debo confesar con dolor que el muro de la impunidad ha crecido. La verdad sigue oculta detr\u00e1s de los otros victimarios que esconden a los otros. A ellos, los se\u00f1ores del poder, no les importa la vida que te quitaron, la alegr\u00eda que nos robaron. A los otros victimarios, como a los primeros, no les importa que en casa impere la tristeza y el miedo\u201d.<\/p>\n\n\n\n<p>***<\/p>\n\n\n\n<p>Cuando el 2 de junio de 2018 asesinaron a Mar\u00eda del Sol en Juchit\u00e1n, Soledad Jarqu\u00edn no se escondi\u00f3 detr\u00e1s del duelo. Hizo preguntas, se\u00f1al\u00f3, escribi\u00f3. Denunci\u00f3 que su hija hab\u00eda sido enviada ilegalmente a una campa\u00f1a pol\u00edtica desde una dependencia del gobierno estatal. Denunci\u00f3 el uso electoral de recursos p\u00fablicos, el silencio de las fiscal\u00edas y el encubrimiento institucional.<\/p>\n\n\n\n<p>Nadie la desminti\u00f3, pero intentaron callarla con tr\u00e1mites, dilaciones, omisiones y, finalmente dici\u00e9ndole en tono amenazante que su lucha era \u201cexcesiva\u201d. S\u00ed, para cierta vanguardia transformadora a veces el dolor profundo es un delito.<\/p>\n\n\n\n<p>Soledad persisti\u00f3. Lo hizo con el cuerpo y con la palabra, escribiendo \u201cRevelaciones de un crimen de Estado\u201d, un libro que es el expediente que no quiso hacer la Fiscal\u00eda, el retrato de un caso que es muchos casos de Oaxaca y M\u00e9xico, una documentaci\u00f3n precisa donde se cruzan nombres, siglas, informes, excusas&#8230;<\/p>\n\n\n\n<p>Pero tambi\u00e9n es un texto \u00edntimo, en el que la madre y la periodista se abrazan y se contradicen y se sostienen, porque hay d\u00edas en que Soledad solo quiere abrazar a su hija y no puede.<\/p>\n\n\n\n<p>Entonces escribe:<\/p>\n\n\n\n<p>***<\/p>\n\n\n\n<p>\u201cNo conozco a tus asesinos. Nunca los he visto. En la noche, cuando hay poca luz aparecen entre las sombras. Me quieren provocar miedo, quieren asustarme, me dicen que me detenga, que ya no siga, que no los busque m\u00e1s, yo en cambio los sigo buscando. No me detengo, ya no me asustan. En estos d\u00edas tu presencia es m\u00e1s fuerte.<\/p>\n\n\n\n<p>\u201cAlgunas personas piensan que el tiempo suaviza las cosas.<\/p>\n\n\n\n<p>\u201cNo, no es cierto, el tiempo no hace olvidar a una hija, ese dolor se queda para siempre, es un hueco en el coraz\u00f3n que nadie sustituye, que nada colma. Eres una fotograf\u00eda en mi pared. La pared blanca de mis d\u00edas, donde tu voz es un recuerdo, un acto de imaginaci\u00f3n, una luz violeta que atraviesa mi memoria y despu\u00e9s me deja en la oscuridad en la que vivo. Tu alegr\u00eda la reinvento, tu sonrisa es un canto en mi alma, vives en mi coraz\u00f3n\u201d.<\/p>\n\n\n\n<p>***<\/p>\n\n\n\n<p>Cuando le dispararon a Mar\u00eda del Sol, no s\u00f3lo asesinaron a una fot\u00f3grafa. Le dispararon tambi\u00e9n una forma de mirar el mundo. Asesinaron una manera de caminar, de estar, de observar. Le arrebataron la vida a una joven que hac\u00eda su trabajo, pero tambi\u00e9n a una ciudadana que no aceptaba la inercia de la obediencia.<\/p>\n\n\n\n<p>Ese d\u00eda, no se trat\u00f3 de un crimen circunstancial. Se trat\u00f3 de uno decidido desde arriba, en una de esas zonas en las que el poder pol\u00edtico se mezcla con la impunidad institucional, y la sangre es parte del proyecto criminal.<\/p>\n\n\n\n<p>Mar\u00eda del Sol fue enviada por orden directa a cubrir la campa\u00f1a pol\u00edtica de un personaje vinculado al PRI. Ella era servidora p\u00fablica, no operadora electoral. Estaba donde no deb\u00eda porque la obligaron a estar ah\u00ed. Esa ilegalidad fue documentada, se\u00f1alada, probada, pero no pas\u00f3 nada.<\/p>\n\n\n\n<p>Despu\u00e9s del crimen, en el lugar donde quedaron tres cuerpos -el de la candidata, el del chofer y el de ella- hubo un acto clave: alguien rob\u00f3 el equipo fotogr\u00e1fico de Mar\u00eda del Sol. Se lo llevaron como quien borra una huella. No fue rapi\u00f1a: Fue un intento de borrarla por completo, de impedir que sus ojos hablaran m\u00e1s all\u00e1 de su muerte. Pero sus ojos a\u00fan hablan, aqu\u00ed est\u00e1n, en la palabra buscadora de Soledad.<\/p>\n\n\n\n<p>***<\/p>\n\n\n\n<p>\u201cNo s\u00e9 si te cont\u00e9 alguna vez que cuando ni\u00f1a me ca\u00ed de un barco. Entr\u00e9 de golpe al agua fr\u00eda con el cuerpo descompuesto. El mar me trag\u00f3, luch\u00e9 por mi vida, sal\u00ed a flote y en el mismo instante me hund\u00ed de nuevo. Abr\u00ed los ojos porque algo me lastim\u00f3 las piernas, eran conchas pegadas al casco del barco, me dio mucho miedo. Sal\u00ed de nuevo y algunas personas que se hab\u00edan lanzado al mar, entre ellos mi pap\u00e1, me sostuvieron para evitar que me ahogara.<\/p>\n\n\n\n<p>\u201cHundirse en el mar profundo es terror\u00edfico, en el agua el vac\u00edo cobra sentido, nada te sostiene, no hay punto de apoyo, la fuerza del agua no abraza, te rechaza, te arroja a lo que no existe.<\/p>\n\n\n\n<p>\u201cEl d\u00eda que te fuiste me sent\u00ed como entonces, nada conmigo, ni yo misma. El mar rechazando mi cuerpo vino a mi memoria. El abismo azul del mar profundo me tragaba \u00bfte cont\u00e9 que no he salido? Sigo ah\u00ed, sin alcanzar como asirme a la orilla del mar, naufrago por corrientes de aguas furiosas que me arrastran, me devoran, me ahogan, ah\u00ed sigo desde aquella madrugada.<\/p>\n\n\n\n<p>\u201cTu ausencia tiene nombre y no s\u00e9 cu\u00e1l es. No s\u00e9 si me miras, no s\u00e9 si me escuchas, no s\u00e9 si me lees, necia te hablo y te escribo con la esperanza o fantas\u00eda de que me oyes y me lees. En mi memoria sigue el d\u00eda interminable, porque no quiero olvidar lo que pas\u00f3 y me aferr\u00e9 al d\u00eda en que nos despedimos sin imaginar que no volver\u00edas nunca.<\/p>\n\n\n\n<p>\u201cTuve que ir por ti, tuve que mirarte descompuesta, inerte, quieta como t\u00fa no eras. Lo que pas\u00f3 esa madrugada no lo entiendo y me niego a ver lo que sucedi\u00f3. Para calmar mi angustia pienso que no te diste cuenta, que tu sonrisa estuvo intacta hasta el \u00faltimo momento y t\u00fa sigues, est\u00e1s en alg\u00fan lugar.<\/p>\n\n\n\n<p>\u201cHay un mural en la pared de tus abuelos. Un mural que nos recuerda tu vida, tu pasi\u00f3n y tu muerte. Es la misma casa de tu infancia, de tus tardes de juegos, donde te buscaste y a\u00f1os despu\u00e9s te encontraste.<\/p>\n\n\n\n<p>\u201cAqu\u00ed en nuestra casa, como dice Joan Diddion, en su libro \u2018El a\u00f1o del pensamiento m\u00e1gico\u2019, hay muchas fotos tuyas, son una se\u00f1al de tu vida, el rastro de tu existencia. Eso nos queda, mirarte sobre el muro de la calle y en las paredes de la casa, afuera y adentro como si fuera un cuerpo.<\/p>\n\n\n\n<p>\u201cEres el recordatorio amoroso de una ni\u00f1a que ten\u00eda prisa por vivir, por aprender, una adolescente que se encontr\u00f3 al mirar a otras personas a trav\u00e9s de una lente. Una\u2019\u201cesp\u00eda&#8217; de sus vidas, las detuviste para siempre. Eres el recuerdo de una joven alborotada y rebelde, el espejo de mi alma.&nbsp;<\/p>\n\n\n\n<p>\u201cAs\u00ed est\u00e1s hoy detenida, en silencio y yo escudri\u00f1o en tus im\u00e1genes, trato de saber lo que dices frente a m\u00ed en t\u00fa \u00faltima fotograf\u00eda, donde te muerdes los labios, a diferencia de tus otras im\u00e1genes en esa no sonr\u00edes, quiz\u00e1 algo present\u00edas, quiz\u00e1 lo sab\u00edas. Solo t\u00fa podr\u00e1s dec\u00edrmelo alguna vez, en alg\u00fan momento, es la \u00faltima selfie que te tomaste, apenas unas horas antes de aquella madrugada en que fue imposible detener el momento, salvarte\u201d.<\/p>\n\n\n\n<p>*Escritor y periodista.<\/p>\n\n\n\n<p>@DiegoEOsorno<\/p>\n","protected":false},"excerpt":{"rendered":"<p>Diego Enrique Osorno* Soledad Jarqu\u00edn Edgar no se volvi\u00f3 activista cuando asesinaron a su hija.&hellip;<\/p>\n","protected":false},"author":2,"featured_media":67760,"comment_status":"closed","ping_status":"open","sticky":false,"template":"","format":"standard","meta":{"_lmt_disableupdate":"","_lmt_disable":"","_jetpack_memberships_contains_paid_content":false,"footnotes":""},"categories":[456,109],"tags":[3020],"class_list":["post-82141","post","type-post","status-publish","format-standard","has-post-thumbnail","hentry","category-columna","category-minuto-a-minuto","tag-diego-enrique-osorno"],"jetpack_featured_media_url":"https:\/\/zonaroja.com.mx\/wp-content\/uploads\/2024\/04\/Diego-Enrique-Osorno.jpeg","jetpack_sharing_enabled":true,"_links":{"self":[{"href":"https:\/\/zonaroja.com.mx\/index.php?rest_route=\/wp\/v2\/posts\/82141","targetHints":{"allow":["GET"]}}],"collection":[{"href":"https:\/\/zonaroja.com.mx\/index.php?rest_route=\/wp\/v2\/posts"}],"about":[{"href":"https:\/\/zonaroja.com.mx\/index.php?rest_route=\/wp\/v2\/types\/post"}],"author":[{"embeddable":true,"href":"https:\/\/zonaroja.com.mx\/index.php?rest_route=\/wp\/v2\/users\/2"}],"replies":[{"embeddable":true,"href":"https:\/\/zonaroja.com.mx\/index.php?rest_route=%2Fwp%2Fv2%2Fcomments&post=82141"}],"version-history":[{"count":1,"href":"https:\/\/zonaroja.com.mx\/index.php?rest_route=\/wp\/v2\/posts\/82141\/revisions"}],"predecessor-version":[{"id":82142,"href":"https:\/\/zonaroja.com.mx\/index.php?rest_route=\/wp\/v2\/posts\/82141\/revisions\/82142"}],"wp:featuredmedia":[{"embeddable":true,"href":"https:\/\/zonaroja.com.mx\/index.php?rest_route=\/wp\/v2\/media\/67760"}],"wp:attachment":[{"href":"https:\/\/zonaroja.com.mx\/index.php?rest_route=%2Fwp%2Fv2%2Fmedia&parent=82141"}],"wp:term":[{"taxonomy":"category","embeddable":true,"href":"https:\/\/zonaroja.com.mx\/index.php?rest_route=%2Fwp%2Fv2%2Fcategories&post=82141"},{"taxonomy":"post_tag","embeddable":true,"href":"https:\/\/zonaroja.com.mx\/index.php?rest_route=%2Fwp%2Fv2%2Ftags&post=82141"}],"curies":[{"name":"wp","href":"https:\/\/api.w.org\/{rel}","templated":true}]}}