{"id":82148,"date":"2025-07-07T09:22:00","date_gmt":"2025-07-07T15:22:00","guid":{"rendered":"https:\/\/zonaroja.com.mx\/?p=82148"},"modified":"2025-07-07T08:30:08","modified_gmt":"2025-07-07T14:30:08","slug":"sube-a-82-los-muertos-por-inundaciones-en-texas","status":"publish","type":"post","link":"https:\/\/zonaroja.com.mx\/?p=82148","title":{"rendered":"Sube a 82 los muertos por inundaciones en Texas"},"content":{"rendered":"\n<p>Redacci\u00f3n\/Zona Roja.<\/p>\n\n\n\n<p>Oaxaca, Oax., a 7 de julio de 2025.- El n\u00famero de fallecidos a causa de las inundaciones en el centro-sur de Texas subi\u00f3 este domingo a 82, seg\u00fan informaron las autoridades locales.<\/p>\n\n\n\n<p>Larry Leitha Jr., alguacil del condado de Kerr, uno de los m\u00e1s afectados por el desastre, anunci\u00f3 en una rueda de prensa que en su jurisdicci\u00f3n se han localizado 68 fallecidos, de los cuales 40 son adultos y 28 ni\u00f1os.<\/p>\n\n\n\n<p>Entre esos 68 fallecidos, 18 adultos est\u00e1n sin identificar, al igual que 10 de los ni\u00f1os.<\/p>\n\n\n\n<p>A estas muertes hay que sumar otras 14 en otros condados cercanos: 6 en el de Travis, 3 en Burnet, 2 en Kendall, 2 en Williamson y 1 en Tom Green, indic\u00f3 el canal CNN.<\/p>\n\n\n\n<p>Los equipos de emergencias siguen buscando a 10 ni\u00f1as y una monitora que se encontraban en el campamento cristiano Mystic cuando las aguas del r\u00edo Guadalupe comenzaron a crecer en la madrugada del viernes.<\/p>\n\n\n\n<p>Aunque en un principio las autoridades locales no establecieron una cifra concreta de desaparecidos, ya que en la zona se encontraba acampada mucha gente de fuera de la regi\u00f3n con motivo de las festividades del 4 de julio, el gobernador de Texas, Greg Abbott, estim\u00f3 hoy que hay 41 desaparecidos por las inundaciones.<\/p>\n\n\n\n<p>Durante este domingo, se esperaban m\u00e1s precipitaciones y el Servicio Meteorol\u00f3gico Nacional (NWS) emiti\u00f3 una alerta de vigilancia por inundaciones hasta las 7 p.m. hora local, con acumulaciones adicionales de 5 a 10 cent\u00edmetros de lluvia, y hasta 25 cent\u00edmetros en algunas partes aisladas.<\/p>\n\n\n\n<p>Desde la madrugada del viernes, equipos de rescate y voluntarios est\u00e1n recorriendo las regiones afectadas en b\u00fasqueda de v\u00edctimas: a pie, ayudados con perros o caballos, en botes, coches todoterreno y helic\u00f3pteros.<\/p>\n\n\n\n<p>El jefe de la Divisi\u00f3n de Manejo de Emergencia de Texas, Nim Kidd, anunci\u00f3 tambi\u00e9n este domingo que ya comenzaron con las labores de \u201crecuperaci\u00f3n\u201d, como limpiar los escombros y abrir de nuevo carreteras.<\/p>\n\n\n\n<p>En Kerrville, durante el d\u00eda, se pudieron observar retroexcavadoras y camiones llev\u00e1ndose algunos de los escombros -como trozos de \u00e1rboles, metal y carros destruidos- y movi\u00e9ndolos para limpiar las calles.<\/p>\n\n\n\n<p>El presidente de EE.UU., Donald Trump, firm\u00f3 hoy una declaraci\u00f3n de emergencia por desastre natural para atender las inundaciones en Texas y permitir que se active la Agencia Federal de Manejo de Emergencia (FEMA) en la zona.<\/p>\n\n\n\n<p>Trump dijo que no se ha desplazado r\u00e1pidamente a Texas para no entorpecer las labores de emergencia, y sugiri\u00f3 que viajar\u00e1 a la zona devastada el viernes.<\/p>\n\n\n\n<p>Las inundaciones han devastado la regi\u00f3n conocida como \u2018Hill Country\u2019, a las afueras de San Antonio, antes de un fin de semana festivo donde la comunidad ten\u00eda planeada varias actividades para celebrar la Independencia de EE.UU..<\/p>\n\n\n\n<p>La Administraci\u00f3n Trump ha anunciado planes para recortar y eliminar gradualmente la financiaci\u00f3n federal para FEMA con la meta de transferir las competencias a los estados en lo que se refiere a dar respuesta a desastres naturales despu\u00e9s de la temporada de huracanes de 2025.<\/p>\n\n\n\n<p>De hecho, la secretaria de Seguridad Nacional, Kristi Noem, ya anunci\u00f3 la cancelaci\u00f3n, con recortes que suman casi 4.000 millones de d\u00f3lares, de dos programas importantes de FEMA, el de Construcci\u00f3n de Infraestructura y Comunidades Resilientes (BRIC) y el de Asistencia para la Mitigaci\u00f3n de Inundaciones (FMA).<\/p>\n\n\n\n<p>(Informaci\u00f3n de L\u00f3pez-D\u00f3riga Digital)<\/p>\n","protected":false},"excerpt":{"rendered":"<p>Redacci\u00f3n\/Zona Roja. Oaxaca, Oax., a 7 de julio de 2025.- El n\u00famero de fallecidos a&hellip;<\/p>\n","protected":false},"author":2,"featured_media":82149,"comment_status":"closed","ping_status":"open","sticky":false,"template":"","format":"standard","meta":{"_lmt_disableupdate":"","_lmt_disable":"","_jetpack_memberships_contains_paid_content":false,"footnotes":""},"categories":[109,47],"tags":[4354],"class_list":["post-82148","post","type-post","status-publish","format-standard","has-post-thumbnail","hentry","category-minuto-a-minuto","category-zona-gris","tag-inundaciones-texas"],"jetpack_featured_media_url":"https:\/\/zonaroja.com.mx\/wp-content\/uploads\/2025\/07\/Inundaciones-Texas.jpeg","jetpack_sharing_enabled":true,"_links":{"self":[{"href":"https:\/\/zonaroja.com.mx\/index.php?rest_route=\/wp\/v2\/posts\/82148","targetHints":{"allow":["GET"]}}],"collection":[{"href":"https:\/\/zonaroja.com.mx\/index.php?rest_route=\/wp\/v2\/posts"}],"about":[{"href":"https:\/\/zonaroja.com.mx\/index.php?rest_route=\/wp\/v2\/types\/post"}],"author":[{"embeddable":true,"href":"https:\/\/zonaroja.com.mx\/index.php?rest_route=\/wp\/v2\/users\/2"}],"replies":[{"embeddable":true,"href":"https:\/\/zonaroja.com.mx\/index.php?rest_route=%2Fwp%2Fv2%2Fcomments&post=82148"}],"version-history":[{"count":1,"href":"https:\/\/zonaroja.com.mx\/index.php?rest_route=\/wp\/v2\/posts\/82148\/revisions"}],"predecessor-version":[{"id":82150,"href":"https:\/\/zonaroja.com.mx\/index.php?rest_route=\/wp\/v2\/posts\/82148\/revisions\/82150"}],"wp:featuredmedia":[{"embeddable":true,"href":"https:\/\/zonaroja.com.mx\/index.php?rest_route=\/wp\/v2\/media\/82149"}],"wp:attachment":[{"href":"https:\/\/zonaroja.com.mx\/index.php?rest_route=%2Fwp%2Fv2%2Fmedia&parent=82148"}],"wp:term":[{"taxonomy":"category","embeddable":true,"href":"https:\/\/zonaroja.com.mx\/index.php?rest_route=%2Fwp%2Fv2%2Fcategories&post=82148"},{"taxonomy":"post_tag","embeddable":true,"href":"https:\/\/zonaroja.com.mx\/index.php?rest_route=%2Fwp%2Fv2%2Ftags&post=82148"}],"curies":[{"name":"wp","href":"https:\/\/api.w.org\/{rel}","templated":true}]}}