{"id":82155,"date":"2025-07-07T12:38:00","date_gmt":"2025-07-07T18:38:00","guid":{"rendered":"https:\/\/zonaroja.com.mx\/?p=82155"},"modified":"2025-07-07T08:47:59","modified_gmt":"2025-07-07T14:47:59","slug":"julio-cesar-chavez-jr-protegido-por-estados-unidos-fgr","status":"publish","type":"post","link":"https:\/\/zonaroja.com.mx\/?p=82155","title":{"rendered":"Julio C\u00e9sar Ch\u00e1vez Jr., protegido por Estados Unidos: FGR"},"content":{"rendered":"\n<p>Redacci\u00f3n\/Zona Roja Cdmx.<\/p>\n\n\n\n<p>Ciudad de M\u00e9xico, a 7 de julio de 2025.- El fiscal general de la Rep\u00fablica, Alejandro Gertz Manero, acus\u00f3 ayer que las autoridades de Estados Unidos protegieron a Julio C\u00e9sar Ch\u00e1vez Jr pese a que sab\u00edan desde 2023 que en M\u00e9xico exist\u00eda una orden de aprehensi\u00f3n. Adem\u00e1s, revel\u00f3 que el boxeador ya promovi\u00f3 cinco o seis amparos en tribunales mexicanos para evitar su detenci\u00f3n al regresar al pa\u00eds.<\/p>\n\n\n\n<p>En conferencia en la sede de la Secretar\u00eda de Seguridad y Protecci\u00f3n Ciudadana, explic\u00f3 que ese mismo a\u00f1o el boxeador entr\u00f3 a EU con visa de turista y vivi\u00f3 libremente all\u00e1, \u201cprotegido por las leyes americanas\u201d. \u201cEllos sab\u00edan perfectamente que estaba esta orden. Se estableci\u00f3 en Estados Unidos, se cas\u00f3 all\u00e1, actuaba libre y absolutamente en ese territorio y ha estado ah\u00ed mientras hemos estado haciendo requerimientos para que nos lo entreguen\u201d.<\/p>\n\n\n\n<p>Gertz se\u00f1al\u00f3 que esa informaci\u00f3n fue ratificada tanto por el gobierno estadunidense como por el padre del boxeador, y reclam\u00f3 que pese a ello ahora se cuestione por qu\u00e9 no fue detenido antes. \u201cHemos hecho durante un a\u00f1o y medio solicitudes y notificaciones y no nos han hecho parte hasta que lo detuvieron\u201d.<\/p>\n\n\n\n<p>Record\u00f3 que, cuando se anunci\u00f3 la reciente detenci\u00f3n, fue el propio gobierno estadunidense al que confirm\u00f3 que Ch\u00e1vez ten\u00eda una orden de captura en M\u00e9xico. \u201cNosotros lo ratificamos y dijimos que desde 2023 esa orden de aprehensi\u00f3n exist\u00eda\u201d.<\/p>\n\n\n\n<p>La investigaci\u00f3n se deriva de una denuncia presentada en 2019 por el Departamento del Interior de EU a trav\u00e9s de su embajada, por delitos como delincuencia organizada, tr\u00e1fico de personas, armas y drogas, relacionados con el grupo de los Guzm\u00e1n, en Sinaloa.<\/p>\n\n\n\n<p>La carpeta identific\u00f3 responsabilidades para 13 personas, entre ellas Ovidio Guzm\u00e1n, N\u00e9stor Ernesto P\u00e9rez Salas, El Nini, y otros operadores. Varios fueron detenidos y extraditados; Ch\u00e1vez Jr fue incluido entre las \u00f3rdenes pendientes desde 2023.<\/p>\n\n\n\n<p>Sobre su situaci\u00f3n actual, Gertz Manero dijo que el abogado del acusado inform\u00f3 que hoy habr\u00e1 una audiencia clave en EU. \u201cA partir de esa fecha, y de lo que dijo su defensa, se han presentado cinco o seis amparos por cuenta de esta persona para que se le ponga en libertad en cuanto llegue a M\u00e9xico\u201d, coment\u00f3.<\/p>\n\n\n\n<p>\u2013\u00bfPero ya se le concedi\u00f3 suspensi\u00f3n provisional?<\/p>\n\n\n\n<p>\u201cNo, hemos negado el amparo porque el amparo no procede, porque nosotros no lo tenemos en nuestro poder\u201d, contest\u00f3 Gertz Manero.<\/p>\n\n\n\n<p>(Informaci\u00f3n de \u201cLa Jornada\u201d)<\/p>\n","protected":false},"excerpt":{"rendered":"<p>Redacci\u00f3n\/Zona Roja Cdmx. Ciudad de M\u00e9xico, a 7 de julio de 2025.- El fiscal general&hellip;<\/p>\n","protected":false},"author":2,"featured_media":82045,"comment_status":"closed","ping_status":"open","sticky":false,"template":"","format":"standard","meta":{"_lmt_disableupdate":"","_lmt_disable":"","_jetpack_memberships_contains_paid_content":false,"footnotes":""},"categories":[109,47],"tags":[4353],"class_list":["post-82155","post","type-post","status-publish","format-standard","has-post-thumbnail","hentry","category-minuto-a-minuto","category-zona-gris","tag-julio-cesar-chavez-jr"],"jetpack_featured_media_url":"https:\/\/zonaroja.com.mx\/wp-content\/uploads\/2025\/07\/Detienen-a-Julio-Cesar-Chavez-Jr.jpg","jetpack_sharing_enabled":true,"_links":{"self":[{"href":"https:\/\/zonaroja.com.mx\/index.php?rest_route=\/wp\/v2\/posts\/82155","targetHints":{"allow":["GET"]}}],"collection":[{"href":"https:\/\/zonaroja.com.mx\/index.php?rest_route=\/wp\/v2\/posts"}],"about":[{"href":"https:\/\/zonaroja.com.mx\/index.php?rest_route=\/wp\/v2\/types\/post"}],"author":[{"embeddable":true,"href":"https:\/\/zonaroja.com.mx\/index.php?rest_route=\/wp\/v2\/users\/2"}],"replies":[{"embeddable":true,"href":"https:\/\/zonaroja.com.mx\/index.php?rest_route=%2Fwp%2Fv2%2Fcomments&post=82155"}],"version-history":[{"count":1,"href":"https:\/\/zonaroja.com.mx\/index.php?rest_route=\/wp\/v2\/posts\/82155\/revisions"}],"predecessor-version":[{"id":82156,"href":"https:\/\/zonaroja.com.mx\/index.php?rest_route=\/wp\/v2\/posts\/82155\/revisions\/82156"}],"wp:featuredmedia":[{"embeddable":true,"href":"https:\/\/zonaroja.com.mx\/index.php?rest_route=\/wp\/v2\/media\/82045"}],"wp:attachment":[{"href":"https:\/\/zonaroja.com.mx\/index.php?rest_route=%2Fwp%2Fv2%2Fmedia&parent=82155"}],"wp:term":[{"taxonomy":"category","embeddable":true,"href":"https:\/\/zonaroja.com.mx\/index.php?rest_route=%2Fwp%2Fv2%2Fcategories&post=82155"},{"taxonomy":"post_tag","embeddable":true,"href":"https:\/\/zonaroja.com.mx\/index.php?rest_route=%2Fwp%2Fv2%2Ftags&post=82155"}],"curies":[{"name":"wp","href":"https:\/\/api.w.org\/{rel}","templated":true}]}}