{"id":82158,"date":"2025-07-07T12:20:50","date_gmt":"2025-07-07T18:20:50","guid":{"rendered":"https:\/\/zonaroja.com.mx\/?p=82158"},"modified":"2025-07-07T12:20:50","modified_gmt":"2025-07-07T18:20:50","slug":"hallan-y-rescatan-a-seis-personas-victimas-de-secuestro-virtual-en-juchitan-oaxaca","status":"publish","type":"post","link":"https:\/\/zonaroja.com.mx\/?p=82158","title":{"rendered":"Hallan y rescatan a seis personas v\u00edctimas de secuestro virtual en Juchit\u00e1n, Oaxaca"},"content":{"rendered":"\n<p>Raymundo Morales\/Zona Roja.<\/p>\n\n\n\n<p>Oaxaca, Oax., a 7 de julio de 2025.- Seis personas, en su mayor\u00eda trabajadores de la CFE, fueron halladas y rescatadas con vida, tras ser v\u00edctimas de un secuestro virtual.&nbsp;<\/p>\n\n\n\n<p>La Fiscal\u00eda General del Estado de Oaxaca inform\u00f3 hoy que, de&nbsp;acuerdo con el expediente penal del caso, todos son personas del sexo masculino originarias del estado de Chiapas, cuatro de ellos trabajadores de la Comisi\u00f3n Federal de Electricidad (CFE) y dos personas m\u00e1s trabajadoras de las v\u00edas f\u00e9rreas del Tren Interoce\u00e1nico.<\/p>\n\n\n\n<p>La investigaci\u00f3n revela que las v\u00edctimas se encontraban hospedadas en un hotel denominado \u201cXcanda\u201d, ubicado en la ciudad de Juchit\u00e1n de Zaragoza, lugar donde&nbsp;las seis&nbsp;personas fueron privadas de su libertad y, su secuestro estaba siendo negociado v\u00eda telef\u00f3nica, por lo que dieron aviso a las autoridades.<\/p>\n\n\n\n<p class=\"MsoNormal\">Una vez liberadas las v\u00edctimas, la Vicefiscal\u00eda Regional del Istmo inici\u00f3 las investigaciones ministeriales correspondientes para deslindar responsabilidades contra quien o quienes resulten responsables.<\/p>\n\n\n\n<p class=\"MsoNormal\">Mientras que,&nbsp;las seis&nbsp;personas fueron trasladadas a las oficinas de la Fiscal\u00eda de Oaxaca, para certificar su estado de salud y despu\u00e9s contactar a sus familiares para informar sobre su liberaci\u00f3n y evitar que cayeran en actos constitutivos de delito.<\/p>\n\n\n\n<p class=\"MsoNormal\">La instituci\u00f3n que preside Bernardo Rodr\u00edguez Alamilla detall\u00f3 que la&nbsp;denuncia oportuna y la actuaci\u00f3n inmediata de la Fiscal\u00eda General, a trav\u00e9s de la Agencia Estatal de Investigaciones (AEI), en trabajo conjunto con la Secretar\u00eda de la Defensa Nacional (Defensa), Secretar\u00eda de Marina (Semar), Guardia Nacional (GN) y Polic\u00eda Estatal, fueron clave para realizar un operativo estrat\u00e9gico en el que liberaron a seis personas.<\/p>\n\n\n\n<p class=\"MsoNormal\">Recomend\u00f3 a la ciudadan\u00eda que ante estas situaciones se mantenga atenta, cuelgue y se ponga en contacto con familiares, o bien llamar al&nbsp;800 00 77 628, para recibir orientaci\u00f3n por parte de personal de la Fiscal\u00eda de Oaxaca.<\/p>\n","protected":false},"excerpt":{"rendered":"<p>Raymundo Morales\/Zona Roja. Oaxaca, Oax., a 7 de julio de 2025.- Seis personas, en su&hellip;<\/p>\n","protected":false},"author":2,"featured_media":82157,"comment_status":"closed","ping_status":"open","sticky":false,"template":"","format":"standard","meta":{"_lmt_disableupdate":"","_lmt_disable":"","_jetpack_memberships_contains_paid_content":false,"footnotes":""},"categories":[109,46],"tags":[],"class_list":["post-82158","post","type-post","status-publish","format-standard","has-post-thumbnail","hentry","category-minuto-a-minuto","category-zona-blanca"],"jetpack_featured_media_url":"https:\/\/zonaroja.com.mx\/wp-content\/uploads\/2025\/07\/whatsapp-image-2025-07-07-at-9.32.17-am-1.jpg","jetpack_sharing_enabled":true,"_links":{"self":[{"href":"https:\/\/zonaroja.com.mx\/index.php?rest_route=\/wp\/v2\/posts\/82158","targetHints":{"allow":["GET"]}}],"collection":[{"href":"https:\/\/zonaroja.com.mx\/index.php?rest_route=\/wp\/v2\/posts"}],"about":[{"href":"https:\/\/zonaroja.com.mx\/index.php?rest_route=\/wp\/v2\/types\/post"}],"author":[{"embeddable":true,"href":"https:\/\/zonaroja.com.mx\/index.php?rest_route=\/wp\/v2\/users\/2"}],"replies":[{"embeddable":true,"href":"https:\/\/zonaroja.com.mx\/index.php?rest_route=%2Fwp%2Fv2%2Fcomments&post=82158"}],"version-history":[{"count":1,"href":"https:\/\/zonaroja.com.mx\/index.php?rest_route=\/wp\/v2\/posts\/82158\/revisions"}],"predecessor-version":[{"id":82159,"href":"https:\/\/zonaroja.com.mx\/index.php?rest_route=\/wp\/v2\/posts\/82158\/revisions\/82159"}],"wp:featuredmedia":[{"embeddable":true,"href":"https:\/\/zonaroja.com.mx\/index.php?rest_route=\/wp\/v2\/media\/82157"}],"wp:attachment":[{"href":"https:\/\/zonaroja.com.mx\/index.php?rest_route=%2Fwp%2Fv2%2Fmedia&parent=82158"}],"wp:term":[{"taxonomy":"category","embeddable":true,"href":"https:\/\/zonaroja.com.mx\/index.php?rest_route=%2Fwp%2Fv2%2Fcategories&post=82158"},{"taxonomy":"post_tag","embeddable":true,"href":"https:\/\/zonaroja.com.mx\/index.php?rest_route=%2Fwp%2Fv2%2Ftags&post=82158"}],"curies":[{"name":"wp","href":"https:\/\/api.w.org\/{rel}","templated":true}]}}