{"id":82169,"date":"2025-07-07T20:35:06","date_gmt":"2025-07-08T02:35:06","guid":{"rendered":"https:\/\/zonaroja.com.mx\/?p=82169"},"modified":"2025-07-07T20:35:08","modified_gmt":"2025-07-08T02:35:08","slug":"suman-tres-detenidos-por-crimen-en-la-central-de-abasto-de-oaxaca","status":"publish","type":"post","link":"https:\/\/zonaroja.com.mx\/?p=82169","title":{"rendered":"Suman tres detenidos por crimen en la Central de Abasto de Oaxaca"},"content":{"rendered":"\n<p>Redacci\u00f3n\/Zona Roja.<\/p>\n\n\n\n<p>Oaxaca, Oax., a 7 de julio de 2025.- Una tercera persona fue detenida este lunes, por su probable participaci\u00f3n en el asesinato de una persona del sexo masculino, perpetrado el pasado viernes en la Central de Abasto de la ciudad de Oaxaca.<\/p>\n\n\n\n<p>La Fiscal\u00eda General del Estado de Oaxaca (FGEO) y el Mando de Coordinaci\u00f3n y Seguridad Metropolitana dieron a conocer que se trata de E. R. G. G., alias \u201cEl Catracho\u201d.<\/p>\n\n\n\n<p>Con esta acci\u00f3n, suman ya tres personas aprehendidas por este caso; los anteriores son J. F. R. C., alias \u201cEl Chucky\u201d, probable autor material de este homicidio cometido con arma de fuego, as\u00ed como L. A. P. T., alias \u201cEl Barbas\u201d.<\/p>\n\n\n\n<p>De acuerdo con el expediente penal, los hechos ocurrieron la ma\u00f1ana del viernes 4 de julio de 2025, en la zona modular poniente, en el M\u00f3dulo \u201cL\u201d de la Central de Abasto, en la ciudad de Oaxaca, a donde lleg\u00f3 un grupo de personas para discutir con la v\u00edctima, identificada como F.S.G., alias \u201cLa Rubia\u201d.<\/p>\n\n\n\n<p>Derivado de la discusi\u00f3n, uno de los agresores empu\u00f1\u00f3 un arma de fuego y realiz\u00f3 disparos en contra de la v\u00edctima, quien result\u00f3 con lesiones a consecuencia de las cuales perdi\u00f3 la vida.<\/p>\n\n\n\n<p>Con el seguimiento a trav\u00e9s de las c\u00e1maras de C4, de manera preliminar, se logr\u00f3 identificar la participaci\u00f3n de tres personas del sexo masculino que habr\u00edan tenido diferentes grados de responsabilidad en la comisi\u00f3n de este delito, quienes huyeron del lugar de los hechos, tras cometer el delito.<\/p>\n\n\n\n<p>Debido a esto la FGEO inici\u00f3 las indagatorias, adem\u00e1s de realizar labores de inteligencia criminal en las que participaron personal de la Fiscal\u00eda Especializada para la Atenci\u00f3n a Delitos de Alto Impacto y la Agencia Estatal de Investigaciones, logrando la detenci\u00f3n de E.R.G.G., alias \u201cEl Catracho\u201d, quien fue presentado ante la autoridad correspondiente por el delito de homicidio calificado, para que se determine su situaci\u00f3n jur\u00eddica.&nbsp;<\/p>\n\n\n\n<p>OTRO POR VIOLACI\u00d3N<\/p>\n\n\n\n<p>En otro caso, la Fiscal\u00eda General ejecut\u00f3 una orden de aprehensi\u00f3n que permiti\u00f3 la detenci\u00f3n de una persona del sexo masculino identificada como A. R. P., por el delito de Violaci\u00f3n Equiparada cometido en la regi\u00f3n de los Valles Centrales.<\/p>\n\n\n\n<p>La detenci\u00f3n de A R.P. se efectu\u00f3 en jurisdicci\u00f3n de Santo Tom\u00e1s Jalieza, gracias a los trabajos realizados por elementos de la Agencia Estatal de Investigaciones (AEI) de la Vicefiscal\u00eda Regional de los Valles Centrales.<\/p>\n\n\n\n<p>La captura deriva de conductas constitutivas del delito de Equiparado a la Violaci\u00f3n en agravio de una adolescente, por hechos ocurridos en 2025.<\/p>\n\n\n\n<p>Una vez detenido, A.R.P. fue presentado ante la autoridad ministerial correspondiente para su debido proceso legal.<\/p>\n","protected":false},"excerpt":{"rendered":"<p>Redacci\u00f3n\/Zona Roja. Oaxaca, Oax., a 7 de julio de 2025.- Una tercera persona fue detenida&hellip;<\/p>\n","protected":false},"author":2,"featured_media":82170,"comment_status":"closed","ping_status":"open","sticky":false,"template":"","format":"standard","meta":{"_lmt_disableupdate":"","_lmt_disable":"","_jetpack_memberships_contains_paid_content":false,"footnotes":""},"categories":[109,46],"tags":[1168,494],"class_list":["post-82169","post","type-post","status-publish","format-standard","has-post-thumbnail","hentry","category-minuto-a-minuto","category-zona-blanca","tag-central-de-abasto-ciudad-de-oaxaca","tag-fiscalia-general-del-estado-de-oaxaca"],"jetpack_featured_media_url":"https:\/\/zonaroja.com.mx\/wp-content\/uploads\/2025\/07\/Detenidos-por-asesinato-central-de-abasto-ciudad-de-Oaxaca.jpg","jetpack_sharing_enabled":true,"_links":{"self":[{"href":"https:\/\/zonaroja.com.mx\/index.php?rest_route=\/wp\/v2\/posts\/82169","targetHints":{"allow":["GET"]}}],"collection":[{"href":"https:\/\/zonaroja.com.mx\/index.php?rest_route=\/wp\/v2\/posts"}],"about":[{"href":"https:\/\/zonaroja.com.mx\/index.php?rest_route=\/wp\/v2\/types\/post"}],"author":[{"embeddable":true,"href":"https:\/\/zonaroja.com.mx\/index.php?rest_route=\/wp\/v2\/users\/2"}],"replies":[{"embeddable":true,"href":"https:\/\/zonaroja.com.mx\/index.php?rest_route=%2Fwp%2Fv2%2Fcomments&post=82169"}],"version-history":[{"count":1,"href":"https:\/\/zonaroja.com.mx\/index.php?rest_route=\/wp\/v2\/posts\/82169\/revisions"}],"predecessor-version":[{"id":82171,"href":"https:\/\/zonaroja.com.mx\/index.php?rest_route=\/wp\/v2\/posts\/82169\/revisions\/82171"}],"wp:featuredmedia":[{"embeddable":true,"href":"https:\/\/zonaroja.com.mx\/index.php?rest_route=\/wp\/v2\/media\/82170"}],"wp:attachment":[{"href":"https:\/\/zonaroja.com.mx\/index.php?rest_route=%2Fwp%2Fv2%2Fmedia&parent=82169"}],"wp:term":[{"taxonomy":"category","embeddable":true,"href":"https:\/\/zonaroja.com.mx\/index.php?rest_route=%2Fwp%2Fv2%2Fcategories&post=82169"},{"taxonomy":"post_tag","embeddable":true,"href":"https:\/\/zonaroja.com.mx\/index.php?rest_route=%2Fwp%2Fv2%2Ftags&post=82169"}],"curies":[{"name":"wp","href":"https:\/\/api.w.org\/{rel}","templated":true}]}}