{"id":8218,"date":"2020-01-30T12:21:21","date_gmt":"2020-01-30T18:21:21","guid":{"rendered":"https:\/\/www.zonaroja.com.mx\/?p=8218"},"modified":"2020-01-30T12:21:24","modified_gmt":"2020-01-30T18:21:24","slug":"el-coplade-ningunea-demandas-de-cipo-la-protesta-continua","status":"publish","type":"post","link":"https:\/\/zonaroja.com.mx\/?p=8218","title":{"rendered":"El Coplade ningunea demandas de CIPO; la protesta contin\u00faa"},"content":{"rendered":"\n<p class=\"MsoNormal\">Yuridiana Sosa\/Zona Roja<\/p>\n\n\n\n<p class=\"MsoNormal\">Oaxaca de Ju\u00e1rez, Oax.- A pesar de la extensa movilizaci\u00f3n que el Comit\u00e9 Ind\u00edgena Popular de Oaxaca (CIPO) y otras organizaciones realizaron en la capital&nbsp;<a href=\"\/\/0\">este mi\u00e9rcoles<\/a>&nbsp;en busca de una mesa de di\u00e1logo para la atenci\u00f3n de sus demandas, el coordinador general del Comit\u00e9 Estatal de Planeaci\u00f3n para el Desarrollo (Coplade) Javier Lazcano, desde\u00f1\u00f3 la reuni\u00f3n programada.<\/p>\n\n\n\n<p class=\"MsoNormal\">Los manifestantes, quienes permanecen en las instalaciones de Ciudad Administrativa, complejo de oficinas de gobierno en Tlalixtac de Cabrera, se\u00f1alaron que el funcionario de Coplade cancel\u00f3 su asistencia a la mesa de di\u00e1logo, en la que tambi\u00e9n estar\u00edan presentes representantes de la Secretar\u00eda General de Gobierno (Segego).<\/p>\n\n\n\n<p class=\"MsoNormal\">Coplade deb\u00eda presentar un plan de desarrollo para los desplazados ind\u00edgenas que pertenecen a CIPO, adem\u00e1s, que ha incumplido con otras programas productivos y proyectos de obras para sus comunidades, denunci\u00f3 Miguel Cruz.&nbsp;<\/p>\n\n\n\n<p class=\"MsoNormal\">La desatenci\u00f3n por parte de Coplade entorpecen los avances que la organizaci\u00f3n logr\u00f3&nbsp;<a href=\"\/\/1\">este mi\u00e9rcoles<\/a>&nbsp;con la Secretar\u00eda de Seguridad P\u00fablica y la Secretar\u00eda General de Gobierno para dar fin a la manifestaci\u00f3n, asegur\u00f3.&nbsp;<\/p>\n\n\n\n<p class=\"MsoNormal\">Dijo que con &nbsp;la SSPO se alcanzaron acuerdos, pero falta la ejecuci\u00f3n de las estrategias de seguridad que aplicar\u00e1 a las comunidades en riesgo ante una serie de amenazas y para los integrantes que cuentan con medidas cautelares. Dichas medidas tendr\u00e1s que ser revisadas y aprobadas por la Defensor\u00eda de los Derechos Humanos del Pueblo de Oaxaca (DDHPO).<\/p>\n\n\n\n<p class=\"MsoNormal\">En conferencia de prensa, la organizaci\u00f3n anunci\u00f3 que permanecer\u00e1 por lo menos&nbsp;<a href=\"\/\/2\">este jueves<\/a>&nbsp;y parte de ma\u00f1ana en las instalaciones de Ciudad Administrativa, donde se reunir\u00e1n con la Segego&nbsp;<a href=\"\/\/4\">este viernes<\/a>&nbsp;para establecer acuerdos sobre los t\u00e9rminos en que se llevar\u00e1n a cabo las acciones por parte de las dependencias involucradas.<\/p>\n","protected":false},"excerpt":{"rendered":"<p>Yuridiana Sosa\/Zona Roja Oaxaca de Ju\u00e1rez, Oax.- A pesar de la extensa movilizaci\u00f3n que el&hellip;<\/p>\n","protected":false},"author":2,"featured_media":8217,"comment_status":"closed","ping_status":"open","sticky":false,"template":"","format":"standard","meta":{"_lmt_disableupdate":"","_lmt_disable":"","_jetpack_memberships_contains_paid_content":false,"footnotes":""},"categories":[109,47],"tags":[],"class_list":["post-8218","post","type-post","status-publish","format-standard","has-post-thumbnail","hentry","category-minuto-a-minuto","category-zona-gris"],"jetpack_featured_media_url":"https:\/\/zonaroja.com.mx\/wp-content\/uploads\/2020\/01\/img_4158.png","jetpack_sharing_enabled":true,"_links":{"self":[{"href":"https:\/\/zonaroja.com.mx\/index.php?rest_route=\/wp\/v2\/posts\/8218","targetHints":{"allow":["GET"]}}],"collection":[{"href":"https:\/\/zonaroja.com.mx\/index.php?rest_route=\/wp\/v2\/posts"}],"about":[{"href":"https:\/\/zonaroja.com.mx\/index.php?rest_route=\/wp\/v2\/types\/post"}],"author":[{"embeddable":true,"href":"https:\/\/zonaroja.com.mx\/index.php?rest_route=\/wp\/v2\/users\/2"}],"replies":[{"embeddable":true,"href":"https:\/\/zonaroja.com.mx\/index.php?rest_route=%2Fwp%2Fv2%2Fcomments&post=8218"}],"version-history":[{"count":1,"href":"https:\/\/zonaroja.com.mx\/index.php?rest_route=\/wp\/v2\/posts\/8218\/revisions"}],"predecessor-version":[{"id":8219,"href":"https:\/\/zonaroja.com.mx\/index.php?rest_route=\/wp\/v2\/posts\/8218\/revisions\/8219"}],"wp:featuredmedia":[{"embeddable":true,"href":"https:\/\/zonaroja.com.mx\/index.php?rest_route=\/wp\/v2\/media\/8217"}],"wp:attachment":[{"href":"https:\/\/zonaroja.com.mx\/index.php?rest_route=%2Fwp%2Fv2%2Fmedia&parent=8218"}],"wp:term":[{"taxonomy":"category","embeddable":true,"href":"https:\/\/zonaroja.com.mx\/index.php?rest_route=%2Fwp%2Fv2%2Fcategories&post=8218"},{"taxonomy":"post_tag","embeddable":true,"href":"https:\/\/zonaroja.com.mx\/index.php?rest_route=%2Fwp%2Fv2%2Ftags&post=8218"}],"curies":[{"name":"wp","href":"https:\/\/api.w.org\/{rel}","templated":true}]}}